{"id":27569,"date":"2016-07-19T15:23:51","date_gmt":"2016-07-19T20:23:51","guid":{"rendered":"http:\/\/contraluzcucuta.co\/?p=27569"},"modified":"2016-07-19T15:23:51","modified_gmt":"2016-07-19T20:23:51","slug":"caravanas-seguras-1254-vehiculos-escoltados-en-vias-departamentales","status":"publish","type":"post","link":"https:\/\/contraluzcucuta.co\/?p=27569","title":{"rendered":"CARAVANAS SEGURAS. \u00a01254 veh\u00edculos escoltados en v\u00edas departamentales"},"content":{"rendered":"<p><strong>C\u00daCUTA.-<\/strong> El plan de seguridad y acompa\u00f1amiento policial se despliega en las rutas que conducen desde y hacia Bucaramanga y la Costa Atl\u00e1ntica. El objetivo es evitar situaciones de riesgo para los transportadores de mercanc\u00edas y actos de violencia contra los automotores que integran las caravanas que se movilizaban por las dos rutas nacionales.<\/p>\n<p>La Polic\u00eda Metropolitana de C\u00facuta (Mecuc) y el Departamento de Polic\u00eda Norte de Santander mantienen activos los dispositivos de seguridad. Agentes de la Seccional de Tr\u00e1nsito y Transporte (Setra), con veh\u00edculos, motocicletas y una gr\u00faa, atienden cualquier emergencia vial y personal. Se ha logrado que 1254 veh\u00edculos que transportan diferentes art\u00edculos se movilicen sin contratiempos.<\/p>\n<p>En el conteo registra 1176 veh\u00edculos movilizados en los dos sentidos en la ruta que comunica a C\u00facuta con Bucaramanga. En la v\u00eda C\u00facuta hacia la Costa Atl\u00e1ntica y desde esa zona del pa\u00eds a la capital nortesantandereana, la movilizaci\u00f3n en los \u00faltimos d\u00edas ha sido de 78 veh\u00edculos.<\/p>\n<p>Los planes de seguridad vial se desarrollan en un trabajo coordinado con la Asociaci\u00f3n Nacional de Empresarios de Colombia (Andi) y con un amplio dispositivo de uniformados para garantizar la movilidad de camiones, tractocamiones y camiones cisternas para el almacenamiento de combustibles. De esta manera se evita el desabastecimiento de productos, especialmente los de primera necesidad.<\/p>\n<p>En cumplimiento del objetivo de garantizar las caravanas seguras para el transporte de mercanc\u00edas, los dispositivos de acompa\u00f1amiento siguen activos desde las 5:00 de la ma\u00f1ana en el Peaje Los Acacios (Los Patios). En ese sitio inicia el recorrido con destino a la Laguna, en l\u00edmites con Santander, donde se entrega la caravana saliente y se recibe la proveniente de esa zona del pa\u00eds.<\/p>\n<p>La segunda caravana segura sale, a las 11:00 de la noche, desde la b\u00e1scula de El Zulia con destino a la Costa Atl\u00e1ntica. Los uniformados la escoltan hasta R\u00edo de Oro (Cesar), donde es recibida por la Polic\u00eda. Los uniformados reciben la caravana que se dirige a la capital de Norte de Santander.<\/p>\n<p><strong>Foto: PRENSA MECUC<\/strong><\/p>\n<p>&nbsp; <\/p>\n","protected":false},"excerpt":{"rendered":"<p>C\u00daCUTA.- El plan de seguridad y acompa\u00f1amiento policial se despliega en las rutas que conducen desde y hacia Bucaramanga y la Costa Atl\u00e1ntica. El objetivo es evitar situaciones de riesgo para los transportadores de mercanc\u00edas y actos de violencia contra los automotores que integran las caravanas que se movilizaban por las dos rutas nacionales. La &hellip;<\/p>\n","protected":false},"author":1,"featured_media":27570,"comment_status":"open","ping_status":"open","sticky":false,"template":"","format":"standard","meta":{"footnotes":""},"categories":[11,4],"tags":[3059,323,576,163],"class_list":["post-27569","post","type-post","status-publish","format-standard","has-post-thumbnail","hentry","category-cronica-roja","category-barra","tag-caravanas-seguras","tag-mecuc","tag-policia-de-norte-de-santander","tag-policia-metropolitana"],"_links":{"self":[{"href":"https:\/\/contraluzcucuta.co\/index.php?rest_route=\/wp\/v2\/posts\/27569","targetHints":{"allow":["GET"]}}],"collection":[{"href":"https:\/\/contraluzcucuta.co\/index.php?rest_route=\/wp\/v2\/posts"}],"about":[{"href":"https:\/\/contraluzcucuta.co\/index.php?rest_route=\/wp\/v2\/types\/post"}],"author":[{"embeddable":true,"href":"https:\/\/contraluzcucuta.co\/index.php?rest_route=\/wp\/v2\/users\/1"}],"replies":[{"embeddable":true,"href":"https:\/\/contraluzcucuta.co\/index.php?rest_route=%2Fwp%2Fv2%2Fcomments&post=27569"}],"version-history":[{"count":1,"href":"https:\/\/contraluzcucuta.co\/index.php?rest_route=\/wp\/v2\/posts\/27569\/revisions"}],"predecessor-version":[{"id":27571,"href":"https:\/\/contraluzcucuta.co\/index.php?rest_route=\/wp\/v2\/posts\/27569\/revisions\/27571"}],"wp:featuredmedia":[{"embeddable":true,"href":"https:\/\/contraluzcucuta.co\/index.php?rest_route=\/wp\/v2\/media\/27570"}],"wp:attachment":[{"href":"https:\/\/contraluzcucuta.co\/index.php?rest_route=%2Fwp%2Fv2%2Fmedia&parent=27569"}],"wp:term":[{"taxonomy":"category","embeddable":true,"href":"https:\/\/contraluzcucuta.co\/index.php?rest_route=%2Fwp%2Fv2%2Fcategories&post=27569"},{"taxonomy":"post_tag","embeddable":true,"href":"https:\/\/contraluzcucuta.co\/index.php?rest_route=%2Fwp%2Fv2%2Ftags&post=27569"}],"curies":[{"name":"wp","href":"https:\/\/api.w.org\/{rel}","templated":true}]}}