{"id":27563,"date":"2016-07-19T14:30:21","date_gmt":"2016-07-19T19:30:21","guid":{"rendered":"http:\/\/contraluzcucuta.co\/?p=27563"},"modified":"2016-07-19T14:30:21","modified_gmt":"2016-07-19T19:30:21","slug":"crisis-en-la-frontera-no-se-repetira-corredor-humanitario-para-paso-de-venezolanos","status":"publish","type":"post","link":"https:\/\/contraluzcucuta.co\/?p=27563","title":{"rendered":"CRISIS EN LA FRONTERA. No se repetir\u00e1 corredor humanitario para paso de venezolanos"},"content":{"rendered":"<p><strong>C\u00daCUTA.-<\/strong> Miles de venezolanos, \u00e1vidos por conseguir alimentos, medicinas y otros productos de la canasta b\u00e1sica, se sometieron a infatigables caminatas para pasar la l\u00ednea fronteriza y llegar a Colombia. Dos extensas jornadas vivieron los habitantes de los estados fronterizos, acompa\u00f1ados por algunos provenientes del interior del pa\u00eds. Hombres y mujeres llegaron a Villa del Rosario y C\u00facuta en procura de calmar las necesidades familiares.<\/p>\n<p>Ahora, esas manifestaciones de carencia de mercanc\u00eda no se repetir\u00e1n, seg\u00fan determinaci\u00f3n de los gobiernos de Colombia y Venezuela. La canciller Mar\u00eda \u00c1ngela Holgu\u00edn y los gobernadores de Norte de Santander, Arauca y el estado T\u00e1chira tomaron la decisi\u00f3n de no permitir m\u00e1s el tr\u00e1nsito masivo de peatones por los puentes internacionales. La iniciativa apunta a que la frontera pueda abrirse en su totalidad.<\/p>\n<p>Un nuevo corredor humanitario solidario para el abastecimiento de vivieres y \u00fatiles de primera necesidad de venezolanos y colombianos residentes en el vecino pa\u00eds, no ser\u00e1 posible hasta cuando se re\u00fanan las cancilleres Holgu\u00edn y Delcy Rodr\u00edguez (Venezuela). El encuentro est\u00e1 programado para el 4 de agosto.<\/p>\n<p>La habilitaci\u00f3n de la apertura se dar\u00e1 cuando haya \u00a0las condiciones necesarias de seguridad, control migratorio y creaci\u00f3n e implementaci\u00f3n de puestos de control fronterizo. Otro criterio es que la zona fronteriza est\u00e9 libre de contrabando.<\/p>\n<p>Ante el desabastecimiento de harina pan y az\u00facar, generado por la compra masiva por parte de los venezolanos en los dos \u00faltimos domingos, se tiene un plan de contingencia. Se espera que al t\u00e9rmino de esta semana los art\u00edculos de la canasta familiar lleguen a los anaqueles de los supermercados.<\/p>\n<p>La frontera colombo-venezolana permanece cerrada desde mediados de agosto del 2015, por orden del presidente de Venezuela, Nicol\u00e1s Maduro. En los 11 meses se ha abierto el 10 y el 17 de julio y m\u00e1s de 130.000 j\u00f3venes y adultos cruzaron la l\u00ednea lim\u00edtrofe.<\/p>\n<p>Migraci\u00f3n Colombia y los gobiernos nacional y departamental efectuar\u00e1n el monitoreo constante para verificar si los venezolanos que ingresaron, retornaron, se encuentran en la capital de Norte de Santander.<\/p>\n<p>La ministra Holgu\u00edn se reuni\u00f3 con los gobernadores William Villamizar, de Norte de Santander, y Ricardo \u00c1lvarez, de Arauca, y los alcaldes de Puerto Santander, Henry Valero, y de Villa del Rosario, Pepe Ru\u00edz Paredes.<\/p>\n<p>Ocho mesas tem\u00e1ticas analizaron la situaci\u00f3n fronteriza y entregaron sugerencias y recomendaciones para el Plan de Apertura de Frontera. Las conclusiones fueron entregadas a Canciller\u00eda para la aprobaci\u00f3n y la aplicaci\u00f3n.<\/p>\n<p>El gobernador del estado T\u00e1chira, Jos\u00e9 Vielma Mora, \u00a0se reuni\u00f3 con autoridades colombianas y coincidi\u00f3 en que se requiere una frontera segura con elementos legales, t\u00e9cnicos y migratorios para ambos pa\u00edses.<\/p>\n<p><strong>Foto: \u00a0<a href=\"http:\/\/www.elperiodico.com\">www.elperiodico.com<\/a><\/strong><\/p>\n<p><strong>\u00a0<\/strong><\/p>\n<p>&nbsp; <\/p>\n","protected":false},"excerpt":{"rendered":"<p>C\u00daCUTA.- Miles de venezolanos, \u00e1vidos por conseguir alimentos, medicinas y otros productos de la canasta b\u00e1sica, se sometieron a infatigables caminatas para pasar la l\u00ednea fronteriza y llegar a Colombia. Dos extensas jornadas vivieron los habitantes de los estados fronterizos, acompa\u00f1ados por algunos provenientes del interior del pa\u00eds. Hombres y mujeres llegaron a Villa del &hellip;<\/p>\n","protected":false},"author":1,"featured_media":27564,"comment_status":"open","ping_status":"open","sticky":false,"template":"","format":"standard","meta":{"footnotes":""},"categories":[1326,45,4],"tags":[557,2483,3048,893],"class_list":["post-27563","post","type-post","status-publish","format-standard","has-post-thumbnail","hentry","category-crisis-en-venezuela-2","category-destacado","category-barra","tag-canciller-maria-angela-holguin","tag-crisis-en-la-frontera","tag-paso-de-venezolanos","tag-puentes-internacionales"],"_links":{"self":[{"href":"https:\/\/contraluzcucuta.co\/index.php?rest_route=\/wp\/v2\/posts\/27563","targetHints":{"allow":["GET"]}}],"collection":[{"href":"https:\/\/contraluzcucuta.co\/index.php?rest_route=\/wp\/v2\/posts"}],"about":[{"href":"https:\/\/contraluzcucuta.co\/index.php?rest_route=\/wp\/v2\/types\/post"}],"author":[{"embeddable":true,"href":"https:\/\/contraluzcucuta.co\/index.php?rest_route=\/wp\/v2\/users\/1"}],"replies":[{"embeddable":true,"href":"https:\/\/contraluzcucuta.co\/index.php?rest_route=%2Fwp%2Fv2%2Fcomments&post=27563"}],"version-history":[{"count":1,"href":"https:\/\/contraluzcucuta.co\/index.php?rest_route=\/wp\/v2\/posts\/27563\/revisions"}],"predecessor-version":[{"id":27565,"href":"https:\/\/contraluzcucuta.co\/index.php?rest_route=\/wp\/v2\/posts\/27563\/revisions\/27565"}],"wp:featuredmedia":[{"embeddable":true,"href":"https:\/\/contraluzcucuta.co\/index.php?rest_route=\/wp\/v2\/media\/27564"}],"wp:attachment":[{"href":"https:\/\/contraluzcucuta.co\/index.php?rest_route=%2Fwp%2Fv2%2Fmedia&parent=27563"}],"wp:term":[{"taxonomy":"category","embeddable":true,"href":"https:\/\/contraluzcucuta.co\/index.php?rest_route=%2Fwp%2Fv2%2Fcategories&post=27563"},{"taxonomy":"post_tag","embeddable":true,"href":"https:\/\/contraluzcucuta.co\/index.php?rest_route=%2Fwp%2Fv2%2Ftags&post=27563"}],"curies":[{"name":"wp","href":"https:\/\/api.w.org\/{rel}","templated":true}]}}