{"id":27548,"date":"2016-07-17T18:05:16","date_gmt":"2016-07-17T23:05:16","guid":{"rendered":"http:\/\/contraluzcucuta.co\/?p=27548"},"modified":"2016-07-17T18:05:16","modified_gmt":"2016-07-17T23:05:16","slug":"proyecto-de-ley-iniciativas-para-la-frontera-para-disminuir-informalidad-y-desempleo","status":"publish","type":"post","link":"https:\/\/contraluzcucuta.co\/?p=27548","title":{"rendered":"PROYECTO DE LEY. \u2018Iniciativas para la Frontera\u2019 para disminuir informalidad y desempleo"},"content":{"rendered":"<p>&nbsp;<\/p>\n<p><strong>C\u00daCUTA.-<\/strong> Dian, gremios, sector productivo, empresarios y gobierno departamental discutieron los alcances del proyecto de ley que prepara el senador Manuel Guillermo Mora para beneficiar a la regi\u00f3n fronteriza. Las ideas aportadas ser\u00e1n condensadas en el documento final que llegar\u00e1 al Congreso y al Gobierno. La iniciativa estar\u00e1 enfocada a la productividad para disminuir la informalidad y el desempleo.<\/p>\n<p>El proyecto buscar\u00e1 medidas que incentiven a las empresas para que puedan producir a menores costos y ser competitivos con los precios nacionales e internacionales. M\u00e1s la posibilidad de algunos aranceles, impuestos especiales, ayuda para las exportaciones y apoyo de la Dian para que se genere un paquete favorable a los empresarios.<\/p>\n<p>El documento \u2018Iniciativas para la Frontera\u2019 est\u00e1 pensado con miras a la apertura de la l\u00ednea divisoria entre Colombia y Venezuela. El paso de mercanc\u00edas y peatonal est\u00e1 cerrado desde agosto de 2015 y en 20 d\u00edas se reunir\u00e1n las cancilleres Mar\u00eda \u00c1ngela Holgu\u00edn y Delcy Rodr\u00edguez G\u00f3mez para analizar la posibilidad de levantar las barricadas. En las \u00faltimas semanas miles de venezolanos han pasado a C\u00facuta en busca de alimentos ante la escasez en tiendas y supermercados del vecino pa\u00eds.<\/p>\n<p>La Dian recolecta informaci\u00f3n y analiza la factibilidad de las propuestas, que podr\u00edan ponerse en pr\u00e1ctica con prontitud, ante una eventual apertura de frontera. El proyecto busca beneficiar a los gremios econ\u00f3micos de la regi\u00f3n. Entre las metas est\u00e1 que la Dian disminuya impuestos de exportaci\u00f3n como apoyo directo a la regi\u00f3n.<\/p>\n<p>El director Santiago Rojas dijo que \u201ctenemos conciencia de que es importante tener medidas que incentiven verdaderamente la formalizaci\u00f3n para que se genere empleo formal\u201d. Al referirse al incentivo del uso de las zonas francas y a la regularizaci\u00f3n del comercio binacional cuando se abra la frontera asegur\u00f3 que as\u00ed se impedir\u00e1 que ingresen al pa\u00eds mercanc\u00edas de contrabando.<\/p>\n<p>\u201cSabemos de la importancia de generar cada vez m\u00e1s empleo en Norte de Santander y acordamos en que vamos a trabajar una serie de iniciativas para fomentar ese empleo\u201d, anot\u00f3 Rojas. \u00bfC\u00f3mo se va a hacer? \u00a0Mediante medidas que existen para el uso de zonas francas con la posibilidad de creaci\u00f3n de proyectos productivos.<\/p>\n<p>Se\u00f1al\u00f3 que debe partirse del entendido que con eso solo no basta. Otras iniciativas planteadas son:<\/p>\n<p>1.- Permitir el ingreso de maquinaria para el que quiera establecer proyectos productivos en la regi\u00f3n.<\/p>\n<p>2.- Legalizaci\u00f3n de los veh\u00edculos que no han sido internados<\/p>\n<p>3.- Normalizar una serie de maquinaria que hace 10, 15 o 20 a\u00f1os est\u00e1 en la regi\u00f3n y para trasportarla requiere de licencia, registro de importaci\u00f3n o la factura que no se encuentra para legalizada.<\/p>\n<p><strong>Foto: 800noticias.com<\/strong><\/p>\n<p>&nbsp; <\/p>\n","protected":false},"excerpt":{"rendered":"<p>&nbsp; C\u00daCUTA.- Dian, gremios, sector productivo, empresarios y gobierno departamental discutieron los alcances del proyecto de ley que prepara el senador Manuel Guillermo Mora para beneficiar a la regi\u00f3n fronteriza. Las ideas aportadas ser\u00e1n condensadas en el documento final que llegar\u00e1 al Congreso y al Gobierno. La iniciativa estar\u00e1 enfocada a la productividad para disminuir &hellip;<\/p>\n","protected":false},"author":1,"featured_media":27549,"comment_status":"open","ping_status":"open","sticky":false,"template":"","format":"standard","meta":{"footnotes":""},"categories":[4,2630,9],"tags":[950,2652,2227],"class_list":["post-27548","post","type-post","status-publish","format-standard","has-post-thumbnail","hentry","category-barra","category-gobernacion","category-politica","tag-dian","tag-informalidad-en-cucuta","tag-manuel-guillermo-mora"],"_links":{"self":[{"href":"https:\/\/contraluzcucuta.co\/index.php?rest_route=\/wp\/v2\/posts\/27548","targetHints":{"allow":["GET"]}}],"collection":[{"href":"https:\/\/contraluzcucuta.co\/index.php?rest_route=\/wp\/v2\/posts"}],"about":[{"href":"https:\/\/contraluzcucuta.co\/index.php?rest_route=\/wp\/v2\/types\/post"}],"author":[{"embeddable":true,"href":"https:\/\/contraluzcucuta.co\/index.php?rest_route=\/wp\/v2\/users\/1"}],"replies":[{"embeddable":true,"href":"https:\/\/contraluzcucuta.co\/index.php?rest_route=%2Fwp%2Fv2%2Fcomments&post=27548"}],"version-history":[{"count":1,"href":"https:\/\/contraluzcucuta.co\/index.php?rest_route=\/wp\/v2\/posts\/27548\/revisions"}],"predecessor-version":[{"id":27550,"href":"https:\/\/contraluzcucuta.co\/index.php?rest_route=\/wp\/v2\/posts\/27548\/revisions\/27550"}],"wp:featuredmedia":[{"embeddable":true,"href":"https:\/\/contraluzcucuta.co\/index.php?rest_route=\/wp\/v2\/media\/27549"}],"wp:attachment":[{"href":"https:\/\/contraluzcucuta.co\/index.php?rest_route=%2Fwp%2Fv2%2Fmedia&parent=27548"}],"wp:term":[{"taxonomy":"category","embeddable":true,"href":"https:\/\/contraluzcucuta.co\/index.php?rest_route=%2Fwp%2Fv2%2Fcategories&post=27548"},{"taxonomy":"post_tag","embeddable":true,"href":"https:\/\/contraluzcucuta.co\/index.php?rest_route=%2Fwp%2Fv2%2Ftags&post=27548"}],"curies":[{"name":"wp","href":"https:\/\/api.w.org\/{rel}","templated":true}]}}