{"id":27534,"date":"2016-07-15T21:48:11","date_gmt":"2016-07-16T02:48:11","guid":{"rendered":"http:\/\/contraluzcucuta.co\/?p=27534"},"modified":"2016-07-15T21:48:11","modified_gmt":"2016-07-16T02:48:11","slug":"plan-apertura-recomendaciones-y-solicitudes-territoriales-para-la-frontera","status":"publish","type":"post","link":"https:\/\/contraluzcucuta.co\/?p=27534","title":{"rendered":"PLAN APERTURA. Recomendaciones y solicitudes territoriales para la frontera"},"content":{"rendered":"<p>&nbsp;<\/p>\n<p><strong>C\u00daCUTA.-<\/strong> Un nuevo corredor humanitario se abrir\u00e1, este domingo, para que los venezolanos crucen la frontera y se compren alimentos y art\u00edculos de primera necesidad. La jornada contar\u00e1 con las medidas de seguridad dictaminadas por la Gobernaci\u00f3n de Norte de Santander, el Ej\u00e9rcito y la Polic\u00eda.<\/p>\n<p>En dos ocasiones los venezolanos han llegado a C\u00facuta en busca de productos de la canasta b\u00e1sica ante la escasez en su pa\u00eds. Primero, 300 mujeres se armaron de valor y cruzaron el puente \u2018Francisco de Paula Santander\u2019 para llegar a tierra colombiana. La experiencia dio como resultado la segunda incursi\u00f3n.<\/p>\n<p>El 10 de julio, millares de hombres y mujeres, ni\u00f1os y adultos, pasaron para adquirir en Colombia lo que hace tiempo no encuentran en Venezuela. Desde papel higi\u00e9nico hasta alimentos llevaron en medio de la alegr\u00eda por contar de nuevo con esos elementos.<\/p>\n<p>Los mensajes de agradecimiento por las redes sociales dieron cuenta de la felicidad que sintieron por llevar de nuevo a casa esos productos que no consiguen en supermercados locales. \u201c\u00a1Gracias Colombia por echarnos esa mano!\u201d, escribi\u00f3 el animador de televisi\u00f3n Leonardo Villalobos luego de la ayuda que ofrecieron a los venezolanos durante la apertura de la frontera en C\u00facuta.<\/p>\n<p>De acuerdo con cifras oficiales, alrededor de 35.000 residentes del pa\u00eds cruzaron la frontera para abastecerse de productos, es decir, alimentos, \u00fatiles de aseo y medicamentos. Para este fin de semana se espera la llegada del doble de venezolanos.<\/p>\n<p>En C\u00facuta, el gobernador de Norte de Santander, William Villamizar, delegados de 11 ministerios y funcionarios de la regi\u00f3n dieron a conocer\u00a0 los primeros resultados del \u2018Plan Apertura\u2019. En el an\u00e1lisis de la situaci\u00f3n se definieron los criterios para que se abra de nuevo el paso peatonal y vehicular entre Colombia y Venezuela.<\/p>\n<p>Entre las conclusiones que arroj\u00f3 el esquema de trabajo en las mesas instaladas destacan:<\/p>\n<p>1.- Control migratorio. Se trabajar\u00e1 en la regulaci\u00f3n de los pasos de frontera oficiales y la creaci\u00f3n e implementaci\u00f3n de puestos de control fronterizo.<\/p>\n<p>2.- Control de cambio de bol\u00edvares a pesos. Se gestionar\u00e1n alternativas para la formalizaci\u00f3n en el intercambio de moneda, y control del flujo de las divisas en las casas de cambio del \u00c1rea Metropolitana.<\/p>\n<p>3.- Infraestructura. Se trabajar\u00e1 en la internaci\u00f3n de veh\u00edculos venezolanos y el establecimiento de puertos transfronterizos.<\/p>\n<p>4.- Seguridad. Se trabajar\u00e1 bajo los conceptos de integraci\u00f3n y seguridad y desarrollo social, de la mano con el Ej\u00e9rcito y la Polic\u00eda, \u00a0para poner en marcha el Plan de Seguridad Ciudadana a lo largo de los kil\u00f3metros de frontera com\u00fan con Venezuela.<\/p>\n<p>5.- Campo social. La propuesta es desarrollar la prevenci\u00f3n, fortalecer valores, fomentar una cultura de paz, proteger la propiedad p\u00fablica y privada, neutralizar la violencia y desarticular focos de delincuencia o violencia que puedan darse en el eje lim\u00edtrofe.<\/p>\n<p><strong>Foto: <a href=\"http:\/\/www.noticiasx7.com\">www.noticiasx7.com<\/a><\/strong><\/p>\n<p>&nbsp; <\/p>\n","protected":false},"excerpt":{"rendered":"<p>&nbsp; C\u00daCUTA.- Un nuevo corredor humanitario se abrir\u00e1, este domingo, para que los venezolanos crucen la frontera y se compren alimentos y art\u00edculos de primera necesidad. La jornada contar\u00e1 con las medidas de seguridad dictaminadas por la Gobernaci\u00f3n de Norte de Santander, el Ej\u00e9rcito y la Polic\u00eda. En dos ocasiones los venezolanos han llegado a &hellip;<\/p>\n","protected":false},"author":1,"featured_media":27535,"comment_status":"open","ping_status":"open","sticky":false,"template":"","format":"standard","meta":{"footnotes":""},"categories":[4,2630],"tags":[2483,2986,3042],"class_list":["post-27534","post","type-post","status-publish","format-standard","has-post-thumbnail","hentry","category-barra","category-gobernacion","tag-crisis-en-la-frontera","tag-gobernacion-de-norte-de","tag-plan-apertura-fronteriza"],"_links":{"self":[{"href":"https:\/\/contraluzcucuta.co\/index.php?rest_route=\/wp\/v2\/posts\/27534","targetHints":{"allow":["GET"]}}],"collection":[{"href":"https:\/\/contraluzcucuta.co\/index.php?rest_route=\/wp\/v2\/posts"}],"about":[{"href":"https:\/\/contraluzcucuta.co\/index.php?rest_route=\/wp\/v2\/types\/post"}],"author":[{"embeddable":true,"href":"https:\/\/contraluzcucuta.co\/index.php?rest_route=\/wp\/v2\/users\/1"}],"replies":[{"embeddable":true,"href":"https:\/\/contraluzcucuta.co\/index.php?rest_route=%2Fwp%2Fv2%2Fcomments&post=27534"}],"version-history":[{"count":1,"href":"https:\/\/contraluzcucuta.co\/index.php?rest_route=\/wp\/v2\/posts\/27534\/revisions"}],"predecessor-version":[{"id":27536,"href":"https:\/\/contraluzcucuta.co\/index.php?rest_route=\/wp\/v2\/posts\/27534\/revisions\/27536"}],"wp:featuredmedia":[{"embeddable":true,"href":"https:\/\/contraluzcucuta.co\/index.php?rest_route=\/wp\/v2\/media\/27535"}],"wp:attachment":[{"href":"https:\/\/contraluzcucuta.co\/index.php?rest_route=%2Fwp%2Fv2%2Fmedia&parent=27534"}],"wp:term":[{"taxonomy":"category","embeddable":true,"href":"https:\/\/contraluzcucuta.co\/index.php?rest_route=%2Fwp%2Fv2%2Fcategories&post=27534"},{"taxonomy":"post_tag","embeddable":true,"href":"https:\/\/contraluzcucuta.co\/index.php?rest_route=%2Fwp%2Fv2%2Ftags&post=27534"}],"curies":[{"name":"wp","href":"https:\/\/api.w.org\/{rel}","templated":true}]}}