{"id":27526,"date":"2016-07-15T20:56:37","date_gmt":"2016-07-16T01:56:37","guid":{"rendered":"http:\/\/contraluzcucuta.co\/?p=27526"},"modified":"2016-07-15T20:56:37","modified_gmt":"2016-07-16T01:56:37","slug":"futbol-de-segunda-cucuta-deportivo-alista-triunfo-contra-llaneros","status":"publish","type":"post","link":"https:\/\/contraluzcucuta.co\/?p=27526","title":{"rendered":"F\u00daTBOL DE SEGUNDA. C\u00facuta Deportivo alista triunfo contra Llaneros"},"content":{"rendered":"<p><strong>C\u00daCUTA.-<\/strong> Animado por los triunfos en los \u00faltimos compromisos, el C\u00facuta Deportivo se alista para el partido de este martes, a las 6:00 de la tarde, contra Llaneros F.C. En la fecha 19 del torneo de ascenso el cuadro fronterizo jugar\u00e1 en casa y los directivos del club han desplegado una campa\u00f1a para despertar inter\u00e9s entre la afici\u00f3n.<\/p>\n<p>Los hinchas han regresado poco a poco a los grader\u00edos del General Santander como respuesta a los resultados positivos obtenidos en la primera vuelta. Luego del descanso por la Copa Am\u00e9rica, el once motil\u00f3n gan\u00f3 los \u00a0dos partidos, es tercero en la clasificaci\u00f3n y suma 30 puntos. El l\u00edder es Deportivo Pereira con 39 unidades.<\/p>\n<p>Para afrontar esta segunda parte del campeonato, el C\u00facuta Deportivo tiene nuevas incorporaciones. Al t\u00e9rmino del periodo oficial de inscripciones agreg\u00f3 cuatro jugadores a la plantilla profesional:<\/p>\n<p>1.- Mart\u00edn Palisi. 28 a\u00f1os, volante, procedente de Almirante Brown (Argentina). Fecha de nacimiento: 19 de enero de 1988.<\/p>\n<p>2.- Juan Carlos Pereira. 23 a\u00f1os, volante, procedente del Deportivo Independiente Medell\u00edn.<\/p>\n<p>3.- Diego Herazo. 20 a\u00f1os, delantero, procedente del Deportivo Independiente Medell\u00edn.<\/p>\n<p>4.- Jonathan Chac\u00f3n. Jugador del club.<\/p>\n<p>Para el encuentro del martes, la Comisi\u00f3n Local de Seguridad, Comodidad y Convivencia en el F\u00fatbol determin\u00f3 que se abrir\u00e1n las localidades de Sur, Oriental y Occidental; se permitir\u00e1 el ingreso de aficionados a partir de los 7 a\u00f1os; los ni\u00f1os deben ir acompa\u00f1ados de un adulto y presentar la boleta, y a la tribuna Sur desde los 14 a\u00f1os.<\/p>\n<p>El ingreso de hinchas ser\u00e1 a partir de la 4:00 de la tarde.<\/p>\n<p>Otras determinaciones son las siguientes:<\/p>\n<p>1.- Las barras del C\u00facuta Deportivo podr\u00e1n llevar trapos, banderas sin astas, sombrillas pl\u00e1sticas, globos e instrumentos.<\/p>\n<p>2.- Por prevenci\u00f3n, est\u00e1 prohibido el ingreso al estadio de embarazadas y ni\u00f1os menores de 7 a\u00f1os.<\/p>\n<p>3.- El ingreso de vendedores ser\u00e1 por el port\u00f3n sur a partir de las 3:30 de la tarde, y deben ir con carn\u00e9.<\/p>\n<p>4.- Est\u00e1 prohibido el uso de p\u00f3lvora, portar objetos corto punzantes, armas blancas, alcohol y chapas de correa.<\/p>\n<p>5.- Los aficionados que lleguen en estado de embriaguez o con evidencias de haber consumido sustancias psicotr\u00f3picas no podr\u00e1n ingresar al estadio.<\/p>\n<p><strong>Foto: PRENSA C\u00daCUTA DEPORTIVO<\/strong><\/p>\n<p>&nbsp;<\/p>\n<p>&nbsp; <\/p>\n","protected":false},"excerpt":{"rendered":"<p>C\u00daCUTA.- Animado por los triunfos en los \u00faltimos compromisos, el C\u00facuta Deportivo se alista para el partido de este martes, a las 6:00 de la tarde, contra Llaneros F.C. En la fecha 19 del torneo de ascenso el cuadro fronterizo jugar\u00e1 en casa y los directivos del club han desplegado una campa\u00f1a para despertar inter\u00e9s &hellip;<\/p>\n","protected":false},"author":1,"featured_media":27528,"comment_status":"open","ping_status":"open","sticky":false,"template":"","format":"standard","meta":{"footnotes":""},"categories":[4,28],"tags":[2628,301,2744],"class_list":["post-27526","post","type-post","status-publish","format-standard","has-post-thumbnail","hentry","category-barra","category-vistazo-deportivo","tag-cucuta-deportivo-2016","tag-futbol-profesional-colombiano","tag-torneo-aguila"],"_links":{"self":[{"href":"https:\/\/contraluzcucuta.co\/index.php?rest_route=\/wp\/v2\/posts\/27526","targetHints":{"allow":["GET"]}}],"collection":[{"href":"https:\/\/contraluzcucuta.co\/index.php?rest_route=\/wp\/v2\/posts"}],"about":[{"href":"https:\/\/contraluzcucuta.co\/index.php?rest_route=\/wp\/v2\/types\/post"}],"author":[{"embeddable":true,"href":"https:\/\/contraluzcucuta.co\/index.php?rest_route=\/wp\/v2\/users\/1"}],"replies":[{"embeddable":true,"href":"https:\/\/contraluzcucuta.co\/index.php?rest_route=%2Fwp%2Fv2%2Fcomments&post=27526"}],"version-history":[{"count":1,"href":"https:\/\/contraluzcucuta.co\/index.php?rest_route=\/wp\/v2\/posts\/27526\/revisions"}],"predecessor-version":[{"id":27529,"href":"https:\/\/contraluzcucuta.co\/index.php?rest_route=\/wp\/v2\/posts\/27526\/revisions\/27529"}],"wp:featuredmedia":[{"embeddable":true,"href":"https:\/\/contraluzcucuta.co\/index.php?rest_route=\/wp\/v2\/media\/27528"}],"wp:attachment":[{"href":"https:\/\/contraluzcucuta.co\/index.php?rest_route=%2Fwp%2Fv2%2Fmedia&parent=27526"}],"wp:term":[{"taxonomy":"category","embeddable":true,"href":"https:\/\/contraluzcucuta.co\/index.php?rest_route=%2Fwp%2Fv2%2Fcategories&post=27526"},{"taxonomy":"post_tag","embeddable":true,"href":"https:\/\/contraluzcucuta.co\/index.php?rest_route=%2Fwp%2Fv2%2Ftags&post=27526"}],"curies":[{"name":"wp","href":"https:\/\/api.w.org\/{rel}","templated":true}]}}