{"id":27520,"date":"2016-07-15T17:15:52","date_gmt":"2016-07-15T22:15:52","guid":{"rendered":"http:\/\/contraluzcucuta.co\/?p=27520"},"modified":"2016-07-15T17:15:52","modified_gmt":"2016-07-15T22:15:52","slug":"protesta-familias-defienden-con-banderas-derecho-la-vivienda","status":"publish","type":"post","link":"https:\/\/contraluzcucuta.co\/?p=27520","title":{"rendered":"PROTESTA. Familias defienden con banderas derecho a la vivienda"},"content":{"rendered":"<p><strong>C\u00daCUTA.-<\/strong> Decenas de hombres y mujeres habitantes de los barrios Olga Teresa, divino Ni\u00f1o, 6 de Mayo, Esperanza Mart\u00ednez, 8 de Diciembre, Villa Nueva, Nueva Colombia llegaron a las puertas de la Alcald\u00eda de C\u00facuta para pedir los escucharan acerca del problema que afrontan por los terrenos donde un d\u00eda levantaron sus casas.<\/p>\n<p>A la toma pac\u00edfica de la calle 11 entre avenidas 5 y 6 llevaron pancartas en las que expusieron los reclamos y se acompa\u00f1aron con banderas de Colombia como escudo protector ante cualquier intento de obst\u00e1culo para ejercer el derecho a la protesta. Un autom\u00f3vil equipado con altoparlantes sirvi\u00f3 para comunicar las inquietudes y hacerse o\u00edr de los cucute\u00f1os que en la ma\u00f1ana frecuentan el centro de la ciudad.<\/p>\n<p>Miguel \u00c1ngel Garc\u00eda tom\u00f3 la vocer\u00eda del grupo y se puso al frente de la sede del gobierno municipal para exigir la presencia del acalde C\u00e9sar Rojas. En la arenga le record\u00f3 al mandatario local que en campa\u00f1a los visit\u00f3 y les prometi\u00f3 darle soluci\u00f3n al problema de legalizaci\u00f3n de terrenos. En esa ocasi\u00f3n fij\u00f3 plazo de seis meses, luego de asumir el cargo.<\/p>\n<p>Los t\u00e9rminos se cumplieron. Trascurre el s\u00e9ptimo mes de la administraci\u00f3n y no se ha dado cumplimiento a la palabra empe\u00f1ada. Hoy, esa es la principal necesidad de esas 5000 familias que ven amenazada la estabilidad por el reclamo de Adolfo Le\u00f3n Bonilla, presunto propietario.<\/p>\n<p>\u201cLos due\u00f1os somos nosotros, que tenemos posesi\u00f3n y dominio por 25 a\u00f1os\u201d. El registro no aparece en Instrumentos P\u00fablicos como lo reclama el hombre que dice ser el due\u00f1o de los lotes donde construyeron las casas tiempo atr\u00e1s.<\/p>\n<p>El alcalde Rojas atendi\u00f3 la petici\u00f3n de los manifestantes y dio cara como quer\u00edan que lo hiciera. Al apersonarse del asunto les dijo que revisar\u00e1 el origen del problema. Para iniciar con el estudio de la situaci\u00f3n design\u00f3 una comisi\u00f3n especial conformada por los secretarios de Planeaci\u00f3n, Hacienda, Gobierno y Metrovivienda, y el \u00a0director jur\u00eddico de la alcald\u00eda. La alternativa estar\u00e1 en menos de 20 d\u00edas.<\/p>\n<p>Adolfo Le\u00f3n Bonilla, presunto propietario de los terrenos, inici\u00f3 procesos de desalojo de los habitantes. Los jueces han dado tiempo a las familias para que abandonen antes de proceder con la aplicaci\u00f3n de la ley.<\/p>\n<p>Miguel \u00c1ngel Garc\u00eda, vocero de los afectados, denunci\u00f3 que se han proferido \u00f3rdenes de lanzamiento, expedidas sin aviso previo. Tild\u00f3 a Le\u00f3n Bonilla de \u201ctierrero\u201d, para significar que es un hombre dedicado a la explotaci\u00f3n del negocio de la tierra mediante el reclamo de la propiedad.<\/p>\n<p>\u201cUno de los programas que tenemos que trazar es la titulaci\u00f3n de terrenos en la ciudad. Un funcionario de Notariado y Registro visitar\u00e1 la ciudad el lunes, para entregar 10.000 titulaciones de predios, siempre y cuando se pueda, sean del municipio y no tengan litigios jur\u00eddicos\u201d, anunci\u00f3 el alcalde C\u00e9sar Rojas.<\/p>\n<p>Dijo que si tienen que tomar decisiones jur\u00eddicas para ayudar a los a los habitantes a defender los terrenos dentro del proceso, lo har\u00e1. La Personer\u00eda y la Defensor\u00eda del Pueblo acompa\u00f1an el proceso<\/p>\n<p><strong>Foto: <a href=\"http:\/\/www.contraluzcucuta.co\">www.contraluzcucuta.co<\/a><\/strong><\/p>\n<p>&nbsp; <\/p>\n","protected":false},"excerpt":{"rendered":"<p>C\u00daCUTA.- Decenas de hombres y mujeres habitantes de los barrios Olga Teresa, divino Ni\u00f1o, 6 de Mayo, Esperanza Mart\u00ednez, 8 de Diciembre, Villa Nueva, Nueva Colombia llegaron a las puertas de la Alcald\u00eda de C\u00facuta para pedir los escucharan acerca del problema que afrontan por los terrenos donde un d\u00eda levantaron sus casas. A la &hellip;<\/p>\n","protected":false},"author":1,"featured_media":27521,"comment_status":"open","ping_status":"open","sticky":false,"template":"","format":"standard","meta":{"footnotes":""},"categories":[4,36],"tags":[2733,226,3047],"class_list":["post-27520","post","type-post","status-publish","format-standard","has-post-thumbnail","hentry","category-barra","category-la-voz-del-pueblo","tag-alcalde-cesar-rojas","tag-alcaldia-de-cucuta","tag-protesta-por-vivienda"],"_links":{"self":[{"href":"https:\/\/contraluzcucuta.co\/index.php?rest_route=\/wp\/v2\/posts\/27520","targetHints":{"allow":["GET"]}}],"collection":[{"href":"https:\/\/contraluzcucuta.co\/index.php?rest_route=\/wp\/v2\/posts"}],"about":[{"href":"https:\/\/contraluzcucuta.co\/index.php?rest_route=\/wp\/v2\/types\/post"}],"author":[{"embeddable":true,"href":"https:\/\/contraluzcucuta.co\/index.php?rest_route=\/wp\/v2\/users\/1"}],"replies":[{"embeddable":true,"href":"https:\/\/contraluzcucuta.co\/index.php?rest_route=%2Fwp%2Fv2%2Fcomments&post=27520"}],"version-history":[{"count":1,"href":"https:\/\/contraluzcucuta.co\/index.php?rest_route=\/wp\/v2\/posts\/27520\/revisions"}],"predecessor-version":[{"id":27522,"href":"https:\/\/contraluzcucuta.co\/index.php?rest_route=\/wp\/v2\/posts\/27520\/revisions\/27522"}],"wp:featuredmedia":[{"embeddable":true,"href":"https:\/\/contraluzcucuta.co\/index.php?rest_route=\/wp\/v2\/media\/27521"}],"wp:attachment":[{"href":"https:\/\/contraluzcucuta.co\/index.php?rest_route=%2Fwp%2Fv2%2Fmedia&parent=27520"}],"wp:term":[{"taxonomy":"category","embeddable":true,"href":"https:\/\/contraluzcucuta.co\/index.php?rest_route=%2Fwp%2Fv2%2Fcategories&post=27520"},{"taxonomy":"post_tag","embeddable":true,"href":"https:\/\/contraluzcucuta.co\/index.php?rest_route=%2Fwp%2Fv2%2Ftags&post=27520"}],"curies":[{"name":"wp","href":"https:\/\/api.w.org\/{rel}","templated":true}]}}