{"id":27507,"date":"2016-07-12T21:13:53","date_gmt":"2016-07-13T02:13:53","guid":{"rendered":"http:\/\/contraluzcucuta.co\/?p=27507"},"modified":"2016-07-12T21:13:53","modified_gmt":"2016-07-13T02:13:53","slug":"conferencia-episcopal-democracia-venezolana-esta-resquebrajada","status":"publish","type":"post","link":"https:\/\/contraluzcucuta.co\/?p=27507","title":{"rendered":"CONFERENCIA EPISCOPAL. Democracia venezolana est\u00e1 resquebrajada"},"content":{"rendered":"<p>&nbsp;<\/p>\n<p>&nbsp;<\/p>\n<p><strong>CARACAS.-<\/strong> Arzobispos y obispos de Venezuela analizaron la situaci\u00f3n del pa\u00eds y expusieron el pensamiento de la Iglesia en cuanto al clima social que reina en la naci\u00f3n vecina. La <a href=\"https:\/\/contraluzcucuta.co\/articulos\/documento-exhortacion-de-la-conferencia-episcopal-venezolana\/\">Conferencia Episcopal<\/a>, en la cent\u00e9sima sexta asamblea plenaria ordinaria, concluy\u00f3 que la \u201cdemocracia est\u00e1 resquebrajada\u201d.<\/p>\n<p>Entre las propuestas urgentes para salir de ese estado de deterioro, los pastores cat\u00f3licos hicieron una serie de propuestas urgentes y llamaron al Consejo Nacional Electoral a cuidar el proceso del refer\u00e9ndum revocatorio para que se lleve a cabo este a\u00f1o. \u201cImpedirlo o retrasarlo con m\u00faltiples trabas es una medida absurda, pues pone en peligro la estabilidad pol\u00edtica y social del pa\u00eds, con fatales consecuencias para personas, instituciones y bienes\u201d.<\/p>\n<p>Se\u00f1alaron que las angustias y las esperanzas del pueblo venezolano son compartidas en estos momentos por numerosas instancias nacionales e internacionales. \u201cLa escasez y carest\u00eda de alimentos, medicinas e insumos hospitalarios nos est\u00e1n llevando al borde de una crisis de seguridad alimentaria y sanitaria, con consecuencias sociales impredecibles\u201d.<\/p>\n<p>En los \u00faltimos d\u00edas, miles de tachirenses acosados por el hambre pasaron la frontera y llegaron a Colombia en busca de los productos que hace tiempo desaparecieron de los estantes, en los supermercados venezolanos.<\/p>\n<p>Los venezolanos afrontan un momento crucial en los campos moral, econ\u00f3mico, pol\u00edtico y social. \u201cHa disminuido dr\u00e1sticamente la calidad de vida\u201d. La pr\u00e9dica constante de odio, la criminalizaci\u00f3n y castigo a toda disidencia afectan a la familia y a las relaciones sociales. Frente a esta situaci\u00f3n, el acrecentamiento del poder militar es una amenaza a la tranquilidad y a la paz.<\/p>\n<p>El Estado de Derecho consagrado en el numeral dos de la Constituci\u00f3n Nacional, se ha debilitado. \u201cVivimos pr\u00e1cticamente al arbitrio de las autoridades y de los funcionarios, quienes tienden a convertirse en los censores de la vida, del pensamiento y de la actuaci\u00f3n de los ciudadanos\u201d.<\/p>\n<p>La crisis moral es mayor que la crisis econ\u00f3mica y pol\u00edtica, porque afecta a toda la poblaci\u00f3n en sus normas de comportamiento. Es tal la indefensi\u00f3n de los ciudadanos ante la delincuencia que se est\u00e1n multiplicando los casos de pobladas enardecidas que toman la justicia por sus propias manos y proceden a inmorales y deplorables ejecuciones colectivas.<\/p>\n<p><strong>Lea el documento completo en:<\/strong><\/p>\n<p><strong><a href=\"https:\/\/contraluzcucuta.co\/articulos\/documento-exhortacion-de-la-conferencia-episcopal-venezolana\/\">https:\/\/contraluzcucuta.co\/articulos\/documento-exhortacion-de-la-conferencia-episcopal-venezolana\/<\/a><\/strong><\/p>\n<p><strong>Foto: PRENSA CEV<\/strong><\/p>\n<p>&nbsp;<\/p>\n<p>&nbsp; <\/p>\n","protected":false},"excerpt":{"rendered":"<p>&nbsp; &nbsp; CARACAS.- Arzobispos y obispos de Venezuela analizaron la situaci\u00f3n del pa\u00eds y expusieron el pensamiento de la Iglesia en cuanto al clima social que reina en la naci\u00f3n vecina. La Conferencia Episcopal, en la cent\u00e9sima sexta asamblea plenaria ordinaria, concluy\u00f3 que la \u201cdemocracia est\u00e1 resquebrajada\u201d. Entre las propuestas urgentes para salir de ese &hellip;<\/p>\n","protected":false},"author":1,"featured_media":27508,"comment_status":"open","ping_status":"open","sticky":false,"template":"","format":"standard","meta":{"footnotes":""},"categories":[7,1326,4],"tags":[2504,2483,1164,1155],"class_list":["post-27507","post","type-post","status-publish","format-standard","has-post-thumbnail","hentry","category-acontecimientos","category-crisis-en-venezuela-2","category-barra","tag-conferencia-episcopal-venezolana","tag-crisis-en-la-frontera","tag-crisis-en-venezuela","tag-monsenor-mario-moronta-rodriguez"],"_links":{"self":[{"href":"https:\/\/contraluzcucuta.co\/index.php?rest_route=\/wp\/v2\/posts\/27507","targetHints":{"allow":["GET"]}}],"collection":[{"href":"https:\/\/contraluzcucuta.co\/index.php?rest_route=\/wp\/v2\/posts"}],"about":[{"href":"https:\/\/contraluzcucuta.co\/index.php?rest_route=\/wp\/v2\/types\/post"}],"author":[{"embeddable":true,"href":"https:\/\/contraluzcucuta.co\/index.php?rest_route=\/wp\/v2\/users\/1"}],"replies":[{"embeddable":true,"href":"https:\/\/contraluzcucuta.co\/index.php?rest_route=%2Fwp%2Fv2%2Fcomments&post=27507"}],"version-history":[{"count":1,"href":"https:\/\/contraluzcucuta.co\/index.php?rest_route=\/wp\/v2\/posts\/27507\/revisions"}],"predecessor-version":[{"id":27509,"href":"https:\/\/contraluzcucuta.co\/index.php?rest_route=\/wp\/v2\/posts\/27507\/revisions\/27509"}],"wp:featuredmedia":[{"embeddable":true,"href":"https:\/\/contraluzcucuta.co\/index.php?rest_route=\/wp\/v2\/media\/27508"}],"wp:attachment":[{"href":"https:\/\/contraluzcucuta.co\/index.php?rest_route=%2Fwp%2Fv2%2Fmedia&parent=27507"}],"wp:term":[{"taxonomy":"category","embeddable":true,"href":"https:\/\/contraluzcucuta.co\/index.php?rest_route=%2Fwp%2Fv2%2Fcategories&post=27507"},{"taxonomy":"post_tag","embeddable":true,"href":"https:\/\/contraluzcucuta.co\/index.php?rest_route=%2Fwp%2Fv2%2Ftags&post=27507"}],"curies":[{"name":"wp","href":"https:\/\/api.w.org\/{rel}","templated":true}]}}