{"id":27501,"date":"2016-07-12T20:25:01","date_gmt":"2016-07-13T01:25:01","guid":{"rendered":"http:\/\/contraluzcucuta.co\/?p=27501"},"modified":"2016-07-12T20:25:01","modified_gmt":"2016-07-13T01:25:01","slug":"feria-de-cucuta-la-ciudad-esta-lista-y-segura-para-celebrar","status":"publish","type":"post","link":"https:\/\/contraluzcucuta.co\/?p=27501","title":{"rendered":"FERIA DE C\u00daCUTA. La ciudad est\u00e1 lista y segura para celebrar"},"content":{"rendered":"<p><strong>C\u00daCUTA.-<\/strong> Los cucute\u00f1os vivir\u00e1n cuatro d\u00edas de fiestas, a partir de hoy, y disfrutar\u00e1n de la variada programaci\u00f3n preparada por la Alcald\u00eda. Un amplio repertorio de artistas engalanar\u00e1 las Ferias 2016. La alegr\u00eda, el colorido y el regocijo terminar\u00e1n este domingo.<\/p>\n<p>La administraci\u00f3n municipal y la Polic\u00eda est\u00e1n al frente de la coordinaci\u00f3n de lo referente a los espect\u00e1culos. El parte entregado por los encargados de la seguridad ciudadana es de tranquilidad. Las autoridades civiles y uniformadas hicieron un llamado a la cultura, el control en la ingesta de licor para evitar alterar el orden p\u00fablico, compartir las actividades de manera tranquila y atender de manera cordial a propios y turistas.<\/p>\n<p>Entre las principales actividades de las fiestas destacan:<\/p>\n<p>1.- 13 de julio. Desfile de C\u00facuta. Inicia en la Diagonal Santander a las 2:00 de la tarde, recorre la avenida Gran Colombia, va al Puente de \u00a0Guadua toma El Malec\u00f3n y finalizar en el Teatro las Cascadas.<\/p>\n<p>2.- 14 de julio. Cabalgata Feria de C\u00facuta. Inicia en la zona industrial a las 3:00 de la tarde y finaliza en la Plaza de Banderas.<\/p>\n<p>&#8211; Primer Gran Concierto. Chocquibtown. Plaza de Banderas, 6:00 de la tarde.<\/p>\n<p>3.- 15 de julio: Inicio de la Feria Agropecuaria. Parque del Agua, a las10:00 de la ma\u00f1ana.<\/p>\n<p>&#8211; Desfile de las reinas comunales, en el Parque del Agua, a las 7:00 de la noche.<\/p>\n<p>&#8211; Festival de las Colonias, en El Malecon, a las 4:00 de la tarde.<\/p>\n<p>&#8211; Segundo Gran Concierto: Peter Manjarr\u00e9s, en la Plaza de Banderas, a las 8:00 de la noche.<\/p>\n<p>4.- 16 de julio. Desfile de las Colonias. Inicia, a las 3:00 de la tarde, en la Biblioteca P\u00fablica y finaliza en Las Cascadas<\/p>\n<p>&#8211; Concierto Jorge Veloza. El Malec\u00f3n, a las 6:00 de la tarde.<\/p>\n<p>&#8211; Elecci\u00f3n y coronaci\u00f3n Se\u00f1orita C\u00facuta 2016-2017. Biblioteca P\u00fablica, a las 7:00 de la noche<\/p>\n<p>&#8211; Tercer Gran Concierto. Iv\u00e1n Villaz\u00f3n, en la Plaza de Banderas, a las 8:00 de la noche.<\/p>\n<p>5.- 17 de julio. Feria Agropecuaria, en el Parque del Agua, a las 9:00 de la ma\u00f1ana<\/p>\n<p>&#8211; Primer torneo de motovelocidad. Diagonal Santander, a las 10:00 de la ma\u00f1ana<\/p>\n<p>&#8211; Gran Concierto del Despecho. Paola Jara, en la Plaza de Banderas, a las 4:00 de la tarde.<\/p>\n<p>El alcalde C\u00e9sar Rojas espera la participaci\u00f3n de cucute\u00f1os y visitantes para el goce en todas las actividades. \u201cAs\u00ed que a agendar cada evento, seg\u00fan sea el inter\u00e9s\u201d. Le record\u00f3 a la comunidad divertirse sanamente, en familia, sin mezclar alcohol con gasolina. En materia de seguridad la ciudad est\u00e1 lista y preparada.<\/p>\n<p><strong>Foto: www.contraluzcucuta.co<\/strong> <\/p>\n","protected":false},"excerpt":{"rendered":"<p>C\u00daCUTA.- Los cucute\u00f1os vivir\u00e1n cuatro d\u00edas de fiestas, a partir de hoy, y disfrutar\u00e1n de la variada programaci\u00f3n preparada por la Alcald\u00eda. Un amplio repertorio de artistas engalanar\u00e1 las Ferias 2016. La alegr\u00eda, el colorido y el regocijo terminar\u00e1n este domingo. La administraci\u00f3n municipal y la Polic\u00eda est\u00e1n al frente de la coordinaci\u00f3n de lo &hellip;<\/p>\n","protected":false},"author":1,"featured_media":27502,"comment_status":"open","ping_status":"open","sticky":false,"template":"","format":"standard","meta":{"footnotes":""},"categories":[2625,4],"tags":[2733,226,2960],"class_list":["post-27501","post","type-post","status-publish","format-standard","has-post-thumbnail","hentry","category-alcaldia-de-cucuta","category-barra","tag-alcalde-cesar-rojas","tag-alcaldia-de-cucuta","tag-feria-de-cucuta-2016"],"_links":{"self":[{"href":"https:\/\/contraluzcucuta.co\/index.php?rest_route=\/wp\/v2\/posts\/27501","targetHints":{"allow":["GET"]}}],"collection":[{"href":"https:\/\/contraluzcucuta.co\/index.php?rest_route=\/wp\/v2\/posts"}],"about":[{"href":"https:\/\/contraluzcucuta.co\/index.php?rest_route=\/wp\/v2\/types\/post"}],"author":[{"embeddable":true,"href":"https:\/\/contraluzcucuta.co\/index.php?rest_route=\/wp\/v2\/users\/1"}],"replies":[{"embeddable":true,"href":"https:\/\/contraluzcucuta.co\/index.php?rest_route=%2Fwp%2Fv2%2Fcomments&post=27501"}],"version-history":[{"count":1,"href":"https:\/\/contraluzcucuta.co\/index.php?rest_route=\/wp\/v2\/posts\/27501\/revisions"}],"predecessor-version":[{"id":27503,"href":"https:\/\/contraluzcucuta.co\/index.php?rest_route=\/wp\/v2\/posts\/27501\/revisions\/27503"}],"wp:featuredmedia":[{"embeddable":true,"href":"https:\/\/contraluzcucuta.co\/index.php?rest_route=\/wp\/v2\/media\/27502"}],"wp:attachment":[{"href":"https:\/\/contraluzcucuta.co\/index.php?rest_route=%2Fwp%2Fv2%2Fmedia&parent=27501"}],"wp:term":[{"taxonomy":"category","embeddable":true,"href":"https:\/\/contraluzcucuta.co\/index.php?rest_route=%2Fwp%2Fv2%2Fcategories&post=27501"},{"taxonomy":"post_tag","embeddable":true,"href":"https:\/\/contraluzcucuta.co\/index.php?rest_route=%2Fwp%2Fv2%2Ftags&post=27501"}],"curies":[{"name":"wp","href":"https:\/\/api.w.org\/{rel}","templated":true}]}}