{"id":27498,"date":"2016-07-12T19:50:55","date_gmt":"2016-07-13T00:50:55","guid":{"rendered":"http:\/\/contraluzcucuta.co\/?p=27498"},"modified":"2016-07-12T19:50:56","modified_gmt":"2016-07-13T00:50:56","slug":"marcha-carnaval-el-si-esta-de-fiesta-y-la-paz-si-es-contigo","status":"publish","type":"post","link":"https:\/\/contraluzcucuta.co\/?p=27498","title":{"rendered":"\u2018MARCHA CARNAVAL\u2019. El s\u00ed est\u00e1 de fiesta y La paz s\u00ed es contigo"},"content":{"rendered":"<p><strong>C\u00daCUTA.-<\/strong> Delegaciones provenientes del oriente nortesantandereano, Santander y Magdalena Medio marchar\u00e1n hacia C\u00facuta, este 15 de julio, para decir \u2018El s\u00ed est\u00e1 de fiesta\u2019 y \u2018La paz s\u00ed es contigo\u2019. Las dos rutas se concentrar\u00e1n en la glorieta Garc\u00eda Herreros (Los Patios) y estadio de atletismo (Ciudadela Juan Atalaya) para caminar hacia la cancha de f\u00fatbol del barrio Sevilla. En el escenario deportivo se cumplir\u00e1 la programaci\u00f3n general de la actividad.<\/p>\n<p>En la \u2018Marcha Carnaval\u2019 est\u00e1 confirmada la participaci\u00f3n de 14.000 delegados, m\u00e1s los que se sumen desde los municipios que conforman el \u00c1rea Metropolitana. Es una invitaci\u00f3n abierta para vivir una jornada con alegr\u00eda, comparsas, carrosas, despliegue art\u00edstico y cultural.<\/p>\n<p>\u201cNo es una marcha protesta. Ser\u00e1 una manifestaci\u00f3n de esperanza, tranquila, porque queremos participar en el camino de la paz\u201d, dijo Judith Maldonado, organizadora de la actividad en la capital del departamento. \u201cEs una manera de participar en lo que ocurre en este pa\u00eds\u201d.<\/p>\n<p>Los sectores sociales y populares tienen que manifestarnos en las calles con el prop\u00f3sito fundamental que la ciudadan\u00eda empiece a ser protagonista en el proceso de paz. A la marcha se han vinculado organizaciones de v\u00edctimas, mujeres, j\u00f3venes, comunidad diversa y sindicatos.<\/p>\n<p>Uno de los objetivos de la jornada es que la institucionalidad sepa que hay un pueblo y sectores sociales organizados que adelantan veedur\u00eda al proceso de paz. \u201cPueden firmarse los mejores acuerdos, y el acuerdo final puede ser una verraquera para afrontar muchos problemas del pa\u00eds, pero si el pueblo no se pellizca en los tres asuntos que faltan, eso nos va a quedar en un documento para enmarcar y pegar en la pared\u201d, dijo Judith Maldonado.<\/p>\n<p>Los aspectos sobre los que debe estar pendiente la ciudadan\u00eda son los siguientes:<\/p>\n<p>1.- C\u00f3mo es que se van a refrendar \u00a0los acuerdos<\/p>\n<p>2.- C\u00f3mo se van a verificar los acuerdos para que se cumplan<\/p>\n<p>3.- C\u00f3mo se van a implementar los acuerdos.<\/p>\n<p>\u201cEsta es una de esas maneras de empezar a manifestarnos para ser tenidos en cuenta\u201d, advirti\u00f3 la ex candidata a la Gobernaci\u00f3n de Norte de Santander y defensora de los derechos humanos. \u201cNo queremos que el posconflicto se convierta en un pastel m\u00e1s o una torta m\u00e1s, con mermelada burocr\u00e1tica\u201d.<\/p>\n<p>Denunci\u00f3 que los recursos destinados para las v\u00edctimas del conflicto armado interno se han quedado en los bolsillos de pocos funcionarios y no se han destinado para el restablecimiento de los derechos de quienes sufren los rigores de la violencia. \u201cEn el posconflicto mucha gente del mal gobierno y de la burocracia estar\u00e1 expectante y no queremos eso. Queremos que los sectores sociales sean tenidos en cuenta\u201d.<\/p>\n<p>Los gobiernos municipal y departamental respaldan la \u2018Marcha Carnaval\u2019 y han prestado los elementos necesarios para la seguridad de los participantes. \u201cNo queremos hechos violentos, ni represi\u00f3n. Esperamos que la fuerza p\u00fablica se comporte con cultura y con respeto. La cultura y el arte son un medio y un instrumento poderoso para que el mensaje llegue a un mont\u00f3n de ciudadanos\u201d, afirm\u00f3 Judith Maldonado.<\/p>\n<p>Los organizadores de la marcha aspiran a que los cucute\u00f1os no confundan la actividad con el programa de la Feria de C\u00facuta. La fecha (15 de julio) se consensu\u00f3 hace dos meses y se dispuso que se llevara a cabo en C\u00facuta. \u201cLos cucute\u00f1os conocen la programaci\u00f3n de la feria y nosotros aclaramos que es una marcha carnaval y no afectar\u00e1 el programaci\u00f3n esencial de las fiestas\u201d.<\/p>\n<p><strong>RAFAEL ANTONIO PAB\u00d3N<\/strong><\/p>\n<p><a href=\"mailto:rafaelpabon58@hotmail.com\"><strong>rafaelpabon58@hotmail.com<\/strong><\/a><\/p>\n<p><strong>Foto: <\/strong><a href=\"http:\/\/www.contraluzcucuta.co\"><strong>www.contraluzcucuta.co<\/strong><\/a><\/p>\n<p>&nbsp; <\/p>\n","protected":false},"excerpt":{"rendered":"<p>C\u00daCUTA.- Delegaciones provenientes del oriente nortesantandereano, Santander y Magdalena Medio marchar\u00e1n hacia C\u00facuta, este 15 de julio, para decir \u2018El s\u00ed est\u00e1 de fiesta\u2019 y \u2018La paz s\u00ed es contigo\u2019. Las dos rutas se concentrar\u00e1n en la glorieta Garc\u00eda Herreros (Los Patios) y estadio de atletismo (Ciudadela Juan Atalaya) para caminar hacia la cancha de &hellip;<\/p>\n","protected":false},"author":1,"featured_media":27499,"comment_status":"open","ping_status":"open","sticky":false,"template":"","format":"standard","meta":{"footnotes":""},"categories":[4,9],"tags":[3045,2378,3046,3044],"class_list":["post-27498","post","type-post","status-publish","format-standard","has-post-thumbnail","hentry","category-barra","category-politica","tag-el-si-esta-de-fiesta","tag-judith-maldonado-mojica","tag-la-paz-si-es-contigo","tag-marcha-carnaval"],"_links":{"self":[{"href":"https:\/\/contraluzcucuta.co\/index.php?rest_route=\/wp\/v2\/posts\/27498","targetHints":{"allow":["GET"]}}],"collection":[{"href":"https:\/\/contraluzcucuta.co\/index.php?rest_route=\/wp\/v2\/posts"}],"about":[{"href":"https:\/\/contraluzcucuta.co\/index.php?rest_route=\/wp\/v2\/types\/post"}],"author":[{"embeddable":true,"href":"https:\/\/contraluzcucuta.co\/index.php?rest_route=\/wp\/v2\/users\/1"}],"replies":[{"embeddable":true,"href":"https:\/\/contraluzcucuta.co\/index.php?rest_route=%2Fwp%2Fv2%2Fcomments&post=27498"}],"version-history":[{"count":1,"href":"https:\/\/contraluzcucuta.co\/index.php?rest_route=\/wp\/v2\/posts\/27498\/revisions"}],"predecessor-version":[{"id":27500,"href":"https:\/\/contraluzcucuta.co\/index.php?rest_route=\/wp\/v2\/posts\/27498\/revisions\/27500"}],"wp:featuredmedia":[{"embeddable":true,"href":"https:\/\/contraluzcucuta.co\/index.php?rest_route=\/wp\/v2\/media\/27499"}],"wp:attachment":[{"href":"https:\/\/contraluzcucuta.co\/index.php?rest_route=%2Fwp%2Fv2%2Fmedia&parent=27498"}],"wp:term":[{"taxonomy":"category","embeddable":true,"href":"https:\/\/contraluzcucuta.co\/index.php?rest_route=%2Fwp%2Fv2%2Fcategories&post=27498"},{"taxonomy":"post_tag","embeddable":true,"href":"https:\/\/contraluzcucuta.co\/index.php?rest_route=%2Fwp%2Fv2%2Ftags&post=27498"}],"curies":[{"name":"wp","href":"https:\/\/api.w.org\/{rel}","templated":true}]}}