{"id":27492,"date":"2016-07-12T14:11:27","date_gmt":"2016-07-12T19:11:27","guid":{"rendered":"http:\/\/contraluzcucuta.co\/?p=27492"},"modified":"2016-07-12T14:11:27","modified_gmt":"2016-07-12T19:11:27","slug":"notas-al-margen-la-frontera-oportunidad-para-el-desarrollo-compartido","status":"publish","type":"post","link":"https:\/\/contraluzcucuta.co\/?p=27492","title":{"rendered":"NOTAS AL MARGEN. La frontera, oportunidad para el desarrollo compartido"},"content":{"rendered":"<p>1.- Porque como frontera viva y con posibilidades importantes, la opci\u00f3n colombo-venezolana ubica un lugar de gran preferencia, sobre todo, cuando se enfocan y examinan las opciones que pueden tener cabida en lo referente a industrializaci\u00f3n, aprovechamiento de lo agr\u00edcola y servicios, si hubiera una cierta, realista y bien coordinada gesti\u00f3n compartida o conjunta, sintetizan la raz\u00f3n o motivo de nuestra reiterada invitaci\u00f3n para que la dirigencia nacional &#8211; y obviamente la regional y local &#8211;\u00a0 en un giro hacia la internacionalizaci\u00f3n-\u00a0 con visi\u00f3n de\u00a0 futuro y de manera asociada &#8211; superar la consigna de lo f\u00e1cil, inmediato e individual de la utilidad, que ha dominado el actuar operacional en los l\u00edmites y\u00a0 podamos hacer\u00a0 tr\u00e1nsito hacia un m\u00e1s aut\u00e9ntico avance colectivo y para\u00a0 beneficio de todos.<\/p>\n<p>\u00bfPor qu\u00e9? Porque, si logramos avanzar y crecer, investigando y capacitando, d\u00e1ndoles m\u00e1s piso y participaci\u00f3n a las universidades y a las asociaciones profesionales, gremiales y laborales, otro y muy importante puede ser el futuro para estas fajas territoriales, que necesitan y con urgencia un cambio y una trasformaci\u00f3n estructural, que a su vez genere renovaci\u00f3n y mejoramiento en el manejo y el desarrollo de lo social, econ\u00f3mico y pol\u00edtico.<\/p>\n<p>2.- Y, enfatizamos lo expuesto, porque C\u00facuta, como San Crist\u00f3bal \u2013 los dos obligados ejes de mayor referencia, en la zona central de la frontera colombo venezolana \u2013 tienen, obligatoriamente y ante s\u00ed, si \u00a0en verdad quieren progresar \u2013 trabajar en equipo y estudiar y dar cabida a todo lo que sea favorable y procedente \u2013hacia dentro y hacia afuera o sea hacia lo nacional o interno y lo extranjero o internacional &#8211;\u00a0 porque la competitividad y la emulaci\u00f3n, junto con la innovaci\u00f3n, son, hoy por hoy, los que dan cuerpo \u00a0a la creaci\u00f3n de oportunidades, que a su vez, es\u00a0 puntal b\u00e1sico para la ampliaci\u00f3n y el mejoramiento del empleo y el desarrollo.<\/p>\n<p>Y para que esto camine, es indispensable que los gobiernos entiendan la trascendencia del reto que encierra la integraci\u00f3n fronteriza y el potencial de posibilidades, que pueden emprenderse, si se analiza\u00a0 &#8211;\u00a0 con esp\u00edritu fraterno y planetario &#8211; que en las fronteras lo que hay es todo un mundo\u00a0 de tareas compartidas o conjuntas por impulsar y\u00a0 ejecutar.<\/p>\n<p>3.- \u00a0\u00bfQu\u00e9 hacer para iniciar y dar cabida a un nuevo horizonte de hechos positivos y logros trascendentes? En primer lugar, reunirse y crear, mediante radiantes bilaterales, pol\u00edticas de Estado, incentivos, est\u00edmulos y mecanismos que permitan otorgar sost\u00e9n al prop\u00f3sito. \u00bfC\u00f3mo? Creando y estableciendo las funciones de una binacional comisi\u00f3n extraordinaria y especial fronteriza, en la que tengan presencia y participaci\u00f3n, con los voceros y expertos nacionales, las gentes que viven y anhelan un futuro m\u00e1s fraterno y progresista. Y, crear ministerios de Frontera para dinamizar y ejecutar lo que se vaya definiendo en planes, programas y proyectos que deben cubrir la gama de aquellas opciones con mayor apoyo y credibilidad. Con eso y buscando el respaldo y apoyo de organismos e instituciones nacionales e internacionales que\u00a0 acojan\u00a0 lo que se insin\u00faa y ans\u00eda,\u00a0 ir\u00e1n forjando una unidad de criterios, acciones y conductas de amplio favorecimiento y gran ejemplo. Adem\u00e1s, la creciente universalizaci\u00f3n, de las consignas y tareas cooperar\u00e1n en este obrar.\u00a0 Por eso la bilateralidad, es una gran opci\u00f3n y un reto interesante y humanista. Y con visi\u00f3n futurista, amplia y generosa, porque congrega el deseo de todos.<\/p>\n<p><strong>JOS\u00c9 NEIRA REY<\/strong><\/p>\n<p><strong><a href=\"mailto:jneirarey@hotmail.com\">jneirarey@hotmail.com<\/a><\/strong><\/p>\n<p>Foto: Internet<\/p>\n<p>&nbsp; <\/p>\n","protected":false},"excerpt":{"rendered":"<p>1.- Porque como frontera viva y con posibilidades importantes, la opci\u00f3n colombo-venezolana ubica un lugar de gran preferencia, sobre todo, cuando se enfocan y examinan las opciones que pueden tener cabida en lo referente a industrializaci\u00f3n, aprovechamiento de lo agr\u00edcola y servicios, si hubiera una cierta, realista y bien coordinada gesti\u00f3n compartida o conjunta, sintetizan &hellip;<\/p>\n","protected":false},"author":1,"featured_media":27493,"comment_status":"open","ping_status":"open","sticky":false,"template":"","format":"standard","meta":{"footnotes":""},"categories":[14],"tags":[2483,1164,382,956],"class_list":["post-27492","post","type-post","status-publish","format-standard","has-post-thumbnail","hentry","category-articulistas","tag-crisis-en-la-frontera","tag-crisis-en-venezuela","tag-jose-neira","tag-notas-al-margen"],"_links":{"self":[{"href":"https:\/\/contraluzcucuta.co\/index.php?rest_route=\/wp\/v2\/posts\/27492","targetHints":{"allow":["GET"]}}],"collection":[{"href":"https:\/\/contraluzcucuta.co\/index.php?rest_route=\/wp\/v2\/posts"}],"about":[{"href":"https:\/\/contraluzcucuta.co\/index.php?rest_route=\/wp\/v2\/types\/post"}],"author":[{"embeddable":true,"href":"https:\/\/contraluzcucuta.co\/index.php?rest_route=\/wp\/v2\/users\/1"}],"replies":[{"embeddable":true,"href":"https:\/\/contraluzcucuta.co\/index.php?rest_route=%2Fwp%2Fv2%2Fcomments&post=27492"}],"version-history":[{"count":1,"href":"https:\/\/contraluzcucuta.co\/index.php?rest_route=\/wp\/v2\/posts\/27492\/revisions"}],"predecessor-version":[{"id":27494,"href":"https:\/\/contraluzcucuta.co\/index.php?rest_route=\/wp\/v2\/posts\/27492\/revisions\/27494"}],"wp:featuredmedia":[{"embeddable":true,"href":"https:\/\/contraluzcucuta.co\/index.php?rest_route=\/wp\/v2\/media\/27493"}],"wp:attachment":[{"href":"https:\/\/contraluzcucuta.co\/index.php?rest_route=%2Fwp%2Fv2%2Fmedia&parent=27492"}],"wp:term":[{"taxonomy":"category","embeddable":true,"href":"https:\/\/contraluzcucuta.co\/index.php?rest_route=%2Fwp%2Fv2%2Fcategories&post=27492"},{"taxonomy":"post_tag","embeddable":true,"href":"https:\/\/contraluzcucuta.co\/index.php?rest_route=%2Fwp%2Fv2%2Ftags&post=27492"}],"curies":[{"name":"wp","href":"https:\/\/api.w.org\/{rel}","templated":true}]}}