{"id":27484,"date":"2016-07-10T19:47:42","date_gmt":"2016-07-11T00:47:42","guid":{"rendered":"http:\/\/contraluzcucuta.co\/?p=27484"},"modified":"2016-07-10T19:47:42","modified_gmt":"2016-07-11T00:47:42","slug":"plan-apertura-tres-mesas-analizaran-situacion-fronteriza","status":"publish","type":"post","link":"https:\/\/contraluzcucuta.co\/?p=27484","title":{"rendered":"\u2018PLAN APERTURA\u2019. Tres mesas analizar\u00e1n situaci\u00f3n fronteriza"},"content":{"rendered":"<p><strong>C\u00daCUTA.-<\/strong> La direcci\u00f3n nacional de la Polic\u00eda Fiscal y Aduanera liderar\u00e1 el \u2018Plan Apertura\u2019, que busca que se abra de manera ordenada la l\u00ednea lim\u00edtrofe entre ambos pa\u00edses. Miles de venezolanos han pasado la frontera angustiados por la situaci\u00f3n de desabastecimiento que los acosa y la poca esperanza que abrigan para conseguir alimentos y medicamentos.<\/p>\n<p>El presidente Juan Manuel Santos deleg\u00f3 a la instituci\u00f3n uniformada un esquema de trabajo para que cuando se abra la frontera las acciones conjuntas jueguen papel esencial en el orden y la seguridad entre Villa del Rosario y C\u00facuta, de Colombia, y San Antonio y Ure\u00f1a, de Venezuela.<\/p>\n<p>Por decisi\u00f3n del presidente Santos y de la canciller Mar\u00eda \u00c1ngela Holgu\u00edn, en la \u00faltima visita a la ciudad, el brigadier general Gustavo Moreno, director nacional de la Polic\u00eda Fiscal Aduanera, ser\u00e1 el coordinador del \u2018Plan Apertura\u2019, que contiene un conjunto de recomendaciones para los dos gobiernos en seguridad, acciones anticontrabando, migraciones, salud y educaci\u00f3n.<\/p>\n<p>El objetivo es aplicar los programas y los operativos policiales al momento de abrir la frontera, para obtener un territorio seguro y tranquilo para los habitantes.<\/p>\n<p>El trabajo se har\u00e1 entre la Canciller\u00eda, la Gobernaci\u00f3n de Norte de Santander, las Fuerzas Militares, la Fiscal\u00eda, la Dian, Migraciones y dem\u00e1s entidades que convocadas a las mesas, \u00a0que comenzar\u00e1n reuniones este 11 de julio.<\/p>\n<p>La din\u00e1mica implica la instalaci\u00f3n de tres mesas de trabajo:<\/p>\n<p>1.- Asuntos relacionados con la seguridad en la frontera y acciones contra el contrabando.<\/p>\n<p>2.- Aspectos de registradur\u00eda, educaci\u00f3n, salud y migraciones.<\/p>\n<p>3.- Los Ministerios de Defensa y de seguridad en ambas naciones, y el tipo de exportaciones que puedan empezar a generarse a partir de la apertura de la frontera.<\/p>\n<p>\u201cAvanzaremos el tiempo que sea necesario y suficiente para que se fortalezca cada vez m\u00e1s el \u2018Plan Apertura\u2019\u201d, dijo el gobernador William Villamizar. Lo que se concluya en las mesas ser\u00e1 entregado a manera de insumos a la Canciller y al presidente Santos, para que sean puestas en pr\u00e1ctica, una vez se abra la frontera.<\/p>\n<p>La meta es que los dos gobiernos adopten estas pol\u00edticas de seguridad en otras fronteras que comparten en Arauca, La Guajira y Norte de Santander, para que la apertura sea un modelo de orden y organizaci\u00f3n comercial.<\/p>\n<p>El brigadier general Gustavo Moreno, director nacional de la Polic\u00eda Fiscal Aduanera, expres\u00f3 que \u201che sido delegado por el presidente para articular una estrategia integral en el marco del desarrollo del \u2018Plan Apertura\u2019, para llegar en el menor tiempo posible a una normalizaci\u00f3n\u201d.<\/p>\n<p>Entre las acciones previstas est\u00e1n:<\/p>\n<p>1.- Controlar el paso del contrabando<\/p>\n<p>2.- El ganado en pie<\/p>\n<p>3.- El tema cambiario<\/p>\n<p>4.- La seguridad ciudadana.<\/p>\n<p>De la mano del Ej\u00e9rcito, la Polic\u00eda, el ICA y el Invima se aplicar\u00e1n estrategias para evitar el ingreso ilegal de mercanc\u00edas a Colombia.<\/p>\n<p><strong>Foto: PRENSA POLFA<\/strong><\/p>\n<p>&nbsp; <\/p>\n","protected":false},"excerpt":{"rendered":"<p>C\u00daCUTA.- La direcci\u00f3n nacional de la Polic\u00eda Fiscal y Aduanera liderar\u00e1 el \u2018Plan Apertura\u2019, que busca que se abra de manera ordenada la l\u00ednea lim\u00edtrofe entre ambos pa\u00edses. Miles de venezolanos han pasado la frontera angustiados por la situaci\u00f3n de desabastecimiento que los acosa y la poca esperanza que abrigan para conseguir alimentos y medicamentos. &hellip;<\/p>\n","protected":false},"author":1,"featured_media":27485,"comment_status":"open","ping_status":"open","sticky":false,"template":"","format":"standard","meta":{"footnotes":""},"categories":[11,4],"tags":[557,379,3042,2149,278],"class_list":["post-27484","post","type-post","status-publish","format-standard","has-post-thumbnail","hentry","category-cronica-roja","category-barra","tag-canciller-maria-angela-holguin","tag-gobernacion-de-norte-de-santander","tag-plan-apertura-fronteriza","tag-policia-fiscal-y-aduanera","tag-presidente-juan-manuel-santos"],"_links":{"self":[{"href":"https:\/\/contraluzcucuta.co\/index.php?rest_route=\/wp\/v2\/posts\/27484","targetHints":{"allow":["GET"]}}],"collection":[{"href":"https:\/\/contraluzcucuta.co\/index.php?rest_route=\/wp\/v2\/posts"}],"about":[{"href":"https:\/\/contraluzcucuta.co\/index.php?rest_route=\/wp\/v2\/types\/post"}],"author":[{"embeddable":true,"href":"https:\/\/contraluzcucuta.co\/index.php?rest_route=\/wp\/v2\/users\/1"}],"replies":[{"embeddable":true,"href":"https:\/\/contraluzcucuta.co\/index.php?rest_route=%2Fwp%2Fv2%2Fcomments&post=27484"}],"version-history":[{"count":1,"href":"https:\/\/contraluzcucuta.co\/index.php?rest_route=\/wp\/v2\/posts\/27484\/revisions"}],"predecessor-version":[{"id":27486,"href":"https:\/\/contraluzcucuta.co\/index.php?rest_route=\/wp\/v2\/posts\/27484\/revisions\/27486"}],"wp:featuredmedia":[{"embeddable":true,"href":"https:\/\/contraluzcucuta.co\/index.php?rest_route=\/wp\/v2\/media\/27485"}],"wp:attachment":[{"href":"https:\/\/contraluzcucuta.co\/index.php?rest_route=%2Fwp%2Fv2%2Fmedia&parent=27484"}],"wp:term":[{"taxonomy":"category","embeddable":true,"href":"https:\/\/contraluzcucuta.co\/index.php?rest_route=%2Fwp%2Fv2%2Fcategories&post=27484"},{"taxonomy":"post_tag","embeddable":true,"href":"https:\/\/contraluzcucuta.co\/index.php?rest_route=%2Fwp%2Fv2%2Ftags&post=27484"}],"curies":[{"name":"wp","href":"https:\/\/api.w.org\/{rel}","templated":true}]}}