{"id":27471,"date":"2016-07-10T12:54:17","date_gmt":"2016-07-10T17:54:17","guid":{"rendered":"http:\/\/contraluzcucuta.co\/?p=27471"},"modified":"2016-07-10T12:54:17","modified_gmt":"2016-07-10T17:54:17","slug":"vicepresidente-en-cucuta-4000-viviendas-gratis-para-norte-de-santander","status":"publish","type":"post","link":"https:\/\/contraluzcucuta.co\/?p=27471","title":{"rendered":"VICEPRESIDENTE EN C\u00daCUTA. 4000 viviendas gratis para Norte de Santander"},"content":{"rendered":"<p><strong>C\u00daCUTA.-<\/strong> Tres municipios de Norte de Santander tendr\u00e1n, de manera directa, el beneficio habitacional sin costo. El vicepresidente Germ\u00e1n Vargas anunci\u00f3 la adjudicaci\u00f3n de viviendas gratis para familias necesitadas en el departamento.<\/p>\n<p>Vargas Lleras firm\u00f3 los convenios para dar apertura a la fase dos de la construcci\u00f3n de casas sin costo en Toledo Labateca y Silos. La convocatoria qued\u00f3 abierta para los restantes 36 municipios, \u00a0excepto C\u00facuta, para que se postulen a las 4000 viviendas para familias vulnerables.<\/p>\n<p>El gobernador William Villamizar se ha comprometi\u00f3 a que llegar\u00e1n a m\u00e1s de 20 localidades nortesantandereanas. \u201cEso nos genera gran expectativa, porque si hay un departamento que merezca generar empleo, satisfacci\u00f3n social y llevar ingreso es este\u201d, dijo el vicepresidente.<\/p>\n<p>Norte de Santander ha visto golpeado por el cierre de frontera con Venezuela, ordenado desde Caracas por el presidente Nicol\u00e1s Maduro, en agosto de 2015. Al cumplirse 11 meses de la decisi\u00f3n, se conoci\u00f3 que la apertura est\u00e1 pr\u00f3xima y se han dado pasos en ese sentido.<\/p>\n<p>El presidente Juan Manuel Santos y la canciller Mar\u00eda \u00c1ngela Holgu\u00edn visitaron esta semana a C\u00facuta, se reunieron con voceros gremiales y analizaron lo ocurrido en los 330 d\u00edas sin tr\u00e1nsito peatonal y automotor por los puentes internacionales.<\/p>\n<p>El vicepresidente, tambi\u00e9n, se refiri\u00f3 a recursos de saneamiento b\u00e1sico en lo que tiene que ver con el Plan Departamental de Aguas y el recuento del contrato firmado para los tramos viales \u00a0Pamplona \u2013 Bucaramanga; C\u00facuta \u2013 Pamplona; Oca\u00f1a \u2013 Gamarra, y las pistas del Aeropuerto Camilo Daza. \u201cEstas obras son factores que generan empleo\u201d, expres\u00f3 Villamizar Laguado.<\/p>\n<p>En vivienda, la inversi\u00f3n del Gobierno asciende a $ 200.000 millones. La construcci\u00f3n de las 4000 soluciones habitacionales beneficiar\u00e1n entre 20.000 y 40.000 nortesantandereanos.<\/p>\n<p>Los Alcaldes han estado acuciosos y atentos a la preparaci\u00f3n t\u00e9cnica para presentar con suficiencia la propuesta de construcci\u00f3n de vivienda gratuita. La postulaci\u00f3n estar\u00e1 abierta hasta el 8 de agosto.<\/p>\n<p>Sobre el aporte al Plan Departamental de Aguas, William Villamizar dijo que ser\u00e1n $ 30.000 millones. La inversi\u00f3n generar\u00e1 mayores garant\u00edas para el suministro del l\u00edquido en los municipios que son objeto de obras relacionadas con acueductos y captaciones.<\/p>\n<p><strong>Foto: PRENSA GOBERNACI\u00d3N<\/strong><\/p>\n<p>&nbsp; <\/p>\n","protected":false},"excerpt":{"rendered":"<p>C\u00daCUTA.- Tres municipios de Norte de Santander tendr\u00e1n, de manera directa, el beneficio habitacional sin costo. El vicepresidente Germ\u00e1n Vargas anunci\u00f3 la adjudicaci\u00f3n de viviendas gratis para familias necesitadas en el departamento. Vargas Lleras firm\u00f3 los convenios para dar apertura a la fase dos de la construcci\u00f3n de casas sin costo en Toledo Labateca y &hellip;<\/p>\n","protected":false},"author":1,"featured_media":27472,"comment_status":"open","ping_status":"open","sticky":false,"template":"","format":"standard","meta":{"footnotes":""},"categories":[4,32],"tags":[1175,1758,1750],"class_list":["post-27471","post","type-post","status-publish","format-standard","has-post-thumbnail","hentry","category-barra","category-recorrido-por-la-region","tag-programa-de-vivienda","tag-vicepresidente-de-colombia","tag-vicepresidente-german-vargas-lleras"],"_links":{"self":[{"href":"https:\/\/contraluzcucuta.co\/index.php?rest_route=\/wp\/v2\/posts\/27471","targetHints":{"allow":["GET"]}}],"collection":[{"href":"https:\/\/contraluzcucuta.co\/index.php?rest_route=\/wp\/v2\/posts"}],"about":[{"href":"https:\/\/contraluzcucuta.co\/index.php?rest_route=\/wp\/v2\/types\/post"}],"author":[{"embeddable":true,"href":"https:\/\/contraluzcucuta.co\/index.php?rest_route=\/wp\/v2\/users\/1"}],"replies":[{"embeddable":true,"href":"https:\/\/contraluzcucuta.co\/index.php?rest_route=%2Fwp%2Fv2%2Fcomments&post=27471"}],"version-history":[{"count":1,"href":"https:\/\/contraluzcucuta.co\/index.php?rest_route=\/wp\/v2\/posts\/27471\/revisions"}],"predecessor-version":[{"id":27473,"href":"https:\/\/contraluzcucuta.co\/index.php?rest_route=\/wp\/v2\/posts\/27471\/revisions\/27473"}],"wp:featuredmedia":[{"embeddable":true,"href":"https:\/\/contraluzcucuta.co\/index.php?rest_route=\/wp\/v2\/media\/27472"}],"wp:attachment":[{"href":"https:\/\/contraluzcucuta.co\/index.php?rest_route=%2Fwp%2Fv2%2Fmedia&parent=27471"}],"wp:term":[{"taxonomy":"category","embeddable":true,"href":"https:\/\/contraluzcucuta.co\/index.php?rest_route=%2Fwp%2Fv2%2Fcategories&post=27471"},{"taxonomy":"post_tag","embeddable":true,"href":"https:\/\/contraluzcucuta.co\/index.php?rest_route=%2Fwp%2Fv2%2Ftags&post=27471"}],"curies":[{"name":"wp","href":"https:\/\/api.w.org\/{rel}","templated":true}]}}