{"id":27463,"date":"2016-07-08T16:34:11","date_gmt":"2016-07-08T21:34:11","guid":{"rendered":"http:\/\/contraluzcucuta.co\/?p=27463"},"modified":"2016-07-08T16:34:11","modified_gmt":"2016-07-08T21:34:11","slug":"reconocimiento-alcalde-entrego-llaves-de-la-ciudad-magistrados","status":"publish","type":"post","link":"https:\/\/contraluzcucuta.co\/?p=27463","title":{"rendered":"RECONOCIMIENTO. Alcalde entreg\u00f3 llaves de la ciudad a magistrados"},"content":{"rendered":"<p><strong>C\u00daCUTA.-<\/strong> El alcalde C\u00e9sar Rojas declar\u00f3 hu\u00e9spedes ilustres a los magistrados de la Corte Suprema de Justicia, al Fiscal General encargado y a los magistrados de los Tribunales locales.<\/p>\n<p>La distinci\u00f3n se dio con motivo de la instalaci\u00f3n del\u00a0 XXIV Congreso de la Asociaci\u00f3n Pro Obras Sociales de la Justicia, que tiene como sede a C\u00facuta.<\/p>\n<p>La encargada de recibir tal reconocimiento c\u00edvico, fue la presidenta de la Corte Suprema de Justicia, Margarita Leonor Cabello Blanco.<\/p>\n<p>Rojas Ayala aprovech\u00f3 el evento para agradecerle a la rama judicial por la contribuci\u00f3n social a los m\u00e1s necesitados, al tiempo que le pidi\u00f3 al Fiscal General de la Naci\u00f3n, Jorge Perdomo, impulsar la construcci\u00f3n de la sede administrativa y operativa de la Fiscal\u00eda Seccional.<\/p>\n<p><strong>Foto: PRENSA ALCALD\u00cdA<\/strong><\/p>\n<p>&nbsp; <\/p>\n","protected":false},"excerpt":{"rendered":"<p>C\u00daCUTA.- El alcalde C\u00e9sar Rojas declar\u00f3 hu\u00e9spedes ilustres a los magistrados de la Corte Suprema de Justicia, al Fiscal General encargado y a los magistrados de los Tribunales locales. La distinci\u00f3n se dio con motivo de la instalaci\u00f3n del\u00a0 XXIV Congreso de la Asociaci\u00f3n Pro Obras Sociales de la Justicia, que tiene como sede a &hellip;<\/p>\n","protected":false},"author":1,"featured_media":27464,"comment_status":"open","ping_status":"open","sticky":false,"template":"","format":"standard","meta":{"footnotes":""},"categories":[2625],"tags":[2733,226,2096,3036],"class_list":["post-27463","post","type-post","status-publish","format-standard","has-post-thumbnail","hentry","category-alcaldia-de-cucuta","tag-alcalde-cesar-rojas","tag-alcaldia-de-cucuta","tag-corte-suprema-de-justicia","tag-llaves-a-magistrados"],"_links":{"self":[{"href":"https:\/\/contraluzcucuta.co\/index.php?rest_route=\/wp\/v2\/posts\/27463","targetHints":{"allow":["GET"]}}],"collection":[{"href":"https:\/\/contraluzcucuta.co\/index.php?rest_route=\/wp\/v2\/posts"}],"about":[{"href":"https:\/\/contraluzcucuta.co\/index.php?rest_route=\/wp\/v2\/types\/post"}],"author":[{"embeddable":true,"href":"https:\/\/contraluzcucuta.co\/index.php?rest_route=\/wp\/v2\/users\/1"}],"replies":[{"embeddable":true,"href":"https:\/\/contraluzcucuta.co\/index.php?rest_route=%2Fwp%2Fv2%2Fcomments&post=27463"}],"version-history":[{"count":1,"href":"https:\/\/contraluzcucuta.co\/index.php?rest_route=\/wp\/v2\/posts\/27463\/revisions"}],"predecessor-version":[{"id":27465,"href":"https:\/\/contraluzcucuta.co\/index.php?rest_route=\/wp\/v2\/posts\/27463\/revisions\/27465"}],"wp:featuredmedia":[{"embeddable":true,"href":"https:\/\/contraluzcucuta.co\/index.php?rest_route=\/wp\/v2\/media\/27464"}],"wp:attachment":[{"href":"https:\/\/contraluzcucuta.co\/index.php?rest_route=%2Fwp%2Fv2%2Fmedia&parent=27463"}],"wp:term":[{"taxonomy":"category","embeddable":true,"href":"https:\/\/contraluzcucuta.co\/index.php?rest_route=%2Fwp%2Fv2%2Fcategories&post=27463"},{"taxonomy":"post_tag","embeddable":true,"href":"https:\/\/contraluzcucuta.co\/index.php?rest_route=%2Fwp%2Fv2%2Ftags&post=27463"}],"curies":[{"name":"wp","href":"https:\/\/api.w.org\/{rel}","templated":true}]}}