{"id":27460,"date":"2016-07-08T16:14:19","date_gmt":"2016-07-08T21:14:19","guid":{"rendered":"http:\/\/contraluzcucuta.co\/?p=27460"},"modified":"2016-07-08T16:14:19","modified_gmt":"2016-07-08T21:14:19","slug":"carta-de-fenalco-al-oido-de-la-cancilleria-colombiana","status":"publish","type":"post","link":"https:\/\/contraluzcucuta.co\/?p=27460","title":{"rendered":"CARTA DE FENALCO. Al o\u00eddo de la Canciller\u00eda colombiana"},"content":{"rendered":"<p><strong>C\u00daCUTA.-<\/strong> Los gremios econ\u00f3micos de la ciudad tuvieron la oportunidad de ser escuchados por la Canciller\u00eda y los organismos del Estado que tienen injerencia sobre esta frontera, acerca de la realidad que viven los empresarios\u00a0 con\u00a0 el cierre de la misma,\u00a0 y la ense\u00f1anza que esta situaci\u00f3n\u00a0 nos ha dejado a todos.<\/p>\n<p>Como primera lecci\u00f3n aprendida, qued\u00f3\u00a0 expuesta con este cierre la vulnerabilidad de las relaciones\u00a0 entre los estados que sobre pas\u00f3 los derechos de las personas\u00a0 y el respeto por su dignidad. Si bien el estado colombiano pudo demostrar su preparaci\u00f3n para tan grande contingencia, en el tema humanitario,\u00a0 no es menos cierto que pasados los primeros 60 d\u00edas\u00a0\u00a0 lo que sentimos fue\u00a0 una gran soledad y abandono como nunca la hab\u00eda vivido esta frontera; pero como dice un adagio popular que \u2018la letra con sangre entra\u2019, tenemos que reconocer que si bien perdimos todos,\u00a0 tambi\u00e9n ganamos\u00a0 en verificar\u00a0 que ante las m\u00e1s adversas circunstancias s\u00ed podemos\u00a0 seguir adelante y que es muy peligroso\u00a0 tener tanta dependencia\u00a0 de un solo mercado, as\u00ed sea justificada por la cercan\u00eda geogr\u00e1fica, lo que nos oblig\u00f3 a mantenernos unidos\u00a0 y a darle importancia al trabajo en equipo como ha venido pasando desde ese desafortunado acontecimiento.<\/p>\n<p>Sin embargo,\u00a0 la pregunta que tendremos que estar seguros de\u00a0 poder contestar es que si como ciudad,\u00a0 somos capaces de atender\u00a0 la presencia inusitada de venezolanos y colombianos que est\u00e1n esperando que se abra la frontera para buscar mejores oportunidades de vida, dado que en Venezuela esto ya\u00a0 no es posible y que es inminente un\u00a0\u00a0 aumento del desempleo y ante la imposibilidad de hallarlo en las actuales circunstancias, un incremento en la\u00a0 informalidad;\u00a0 luego es urgente\u00a0 que Colombia, convoque a organismos internacionales\u00a0 como el BID\u00a0 y la CAF\u00a0 como lo han venido pidiendo algunos estudiosos de la regi\u00f3n, para que\u00a0 mediante proyectos productivos\u00a0 podamos\u00a0 aprovechar esta coyuntura\u00a0 y\u00a0 desarrollar\u00a0 verdaderos\u00a0 centros de producci\u00f3n\u00a0\u00a0 en actividades econ\u00f3micas como la agroindustria,\u00a0 mejoramiento de v\u00edas terciarias y sistemas de riego;\u00a0 no\u00a0 menos importante, en sectores como\u00a0 calzado, confecciones\u00a0 y cer\u00e1micas\u00a0\u00a0 y\u00a0\u00a0 en\u00a0 nuestro\u00a0 carb\u00f3n, agregar valor\u00a0 para un mejor aprovechamiento.<\/p>\n<p>Por \u00faltimo creemos importante\u00a0 que la se\u00f1ora canciller act\u00fae como un articulador ante el gobierno nacional,\u00a0 logrando que en los pr\u00f3ximos d\u00edas se realice en esta ciudad un Consejo de Ministros.<\/p>\n<p><strong>Foto: PRENSA CANCILLER\u00cdA<\/strong><\/p>\n<p>&nbsp; <\/p>\n","protected":false},"excerpt":{"rendered":"<p>C\u00daCUTA.- Los gremios econ\u00f3micos de la ciudad tuvieron la oportunidad de ser escuchados por la Canciller\u00eda y los organismos del Estado que tienen injerencia sobre esta frontera, acerca de la realidad que viven los empresarios\u00a0 con\u00a0 el cierre de la misma,\u00a0 y la ense\u00f1anza que esta situaci\u00f3n\u00a0 nos ha dejado a todos. Como primera lecci\u00f3n &hellip;<\/p>\n","protected":false},"author":1,"featured_media":27461,"comment_status":"open","ping_status":"open","sticky":false,"template":"","format":"standard","meta":{"footnotes":""},"categories":[14,4],"tags":[1357,1526,1202],"class_list":["post-27460","post","type-post","status-publish","format-standard","has-post-thumbnail","hentry","category-articulistas","category-barra","tag-carta-de-fenalco","tag-fenalco-norte-de-santander","tag-gladys-navarro"],"_links":{"self":[{"href":"https:\/\/contraluzcucuta.co\/index.php?rest_route=\/wp\/v2\/posts\/27460","targetHints":{"allow":["GET"]}}],"collection":[{"href":"https:\/\/contraluzcucuta.co\/index.php?rest_route=\/wp\/v2\/posts"}],"about":[{"href":"https:\/\/contraluzcucuta.co\/index.php?rest_route=\/wp\/v2\/types\/post"}],"author":[{"embeddable":true,"href":"https:\/\/contraluzcucuta.co\/index.php?rest_route=\/wp\/v2\/users\/1"}],"replies":[{"embeddable":true,"href":"https:\/\/contraluzcucuta.co\/index.php?rest_route=%2Fwp%2Fv2%2Fcomments&post=27460"}],"version-history":[{"count":1,"href":"https:\/\/contraluzcucuta.co\/index.php?rest_route=\/wp\/v2\/posts\/27460\/revisions"}],"predecessor-version":[{"id":27462,"href":"https:\/\/contraluzcucuta.co\/index.php?rest_route=\/wp\/v2\/posts\/27460\/revisions\/27462"}],"wp:featuredmedia":[{"embeddable":true,"href":"https:\/\/contraluzcucuta.co\/index.php?rest_route=\/wp\/v2\/media\/27461"}],"wp:attachment":[{"href":"https:\/\/contraluzcucuta.co\/index.php?rest_route=%2Fwp%2Fv2%2Fmedia&parent=27460"}],"wp:term":[{"taxonomy":"category","embeddable":true,"href":"https:\/\/contraluzcucuta.co\/index.php?rest_route=%2Fwp%2Fv2%2Fcategories&post=27460"},{"taxonomy":"post_tag","embeddable":true,"href":"https:\/\/contraluzcucuta.co\/index.php?rest_route=%2Fwp%2Fv2%2Ftags&post=27460"}],"curies":[{"name":"wp","href":"https:\/\/api.w.org\/{rel}","templated":true}]}}