{"id":27439,"date":"2016-07-08T13:43:08","date_gmt":"2016-07-08T18:43:08","guid":{"rendered":"http:\/\/contraluzcucuta.co\/?p=27439"},"modified":"2016-07-08T15:37:57","modified_gmt":"2016-07-08T20:37:57","slug":"extincion-de-dominio-ocupados-12-inmuebles-destinados-al-narcotrafico","status":"publish","type":"post","link":"https:\/\/contraluzcucuta.co\/?p=27439","title":{"rendered":"EXTINCI\u00d3N DE DOMINIO. Ocupados 12 inmuebles destinados al narcotr\u00e1fico"},"content":{"rendered":"<p><strong>C\u00daCUTA.-<\/strong> En los barrios Ospina P\u00e9rez, Alfonso L\u00f3pez, Comuneros, Alto Pamplonita, Magdalena, San Jos\u00e9, Palmeras y Cuberos Ni\u00f1o, la Polic\u00eda Metropolitana de C\u00facuta (Mecuc) y la Fiscal\u00eda Segunda Especializada de Extinci\u00f3n de Dominio de C\u00facuta desarrollaron 12 diligencias de allanamiento y registro de inmuebles. Las viviendas fueron ocupadas para extinci\u00f3n de dominio por reincidencia en la destinaci\u00f3n para el tr\u00e1fico de estupefacientes en menores cantidades.<\/p>\n<p>Luego de identificarlas como ollas, los agentes cumplieron con el procedimiento de allanamiento. La Seccional de Investigaci\u00f3n Criminal (Sijin) \u00a0captur\u00f3 varios residentes y hallaron drogas que eran comercializadas mediante el sistema de menudeo. A los detenidos se les inici\u00f3 el proceso judicial para ser presentados ante la Fiscal\u00eda Especializada.<\/p>\n<p>En cumplimiento a las \u00f3rdenes judiciales, uniformados de la Sijin efectuaron los procedimientos de ocupaci\u00f3n para extinci\u00f3n de dominio. La medida cautelar provisional impide el poder dispositivo comercial del bien inmueble. Los procedimientos est\u00e1n reparatidos de la siguiente manera:<\/p>\n<p>1.- Ospina P\u00e9rez, tres<\/p>\n<p>2.- Alfonso L\u00f3pez, uno<\/p>\n<p>3.- Comuneros, uno<\/p>\n<p>4.- Alto Pamplonita, dos<\/p>\n<p>5.- Magdalena, uno<\/p>\n<p>6.- San Jos\u00e9, uno<\/p>\n<p>7.- Palmeras (parte alta), uno<\/p>\n<p>8.- Cuberos Ni\u00f1o, dos<\/p>\n<p>En Cuberos Ni\u00f1o un inmueble fue allanado en dos oportunidades; en Alfonso L\u00f3pez, la Sijin ingres\u00f3 en seis oportunidades (2005, 2007, 2011, 2012, 2014 y 2016). En ambos casos los propietarios purgan penas por destinaci\u00f3n il\u00edcita de bien inmueble y fabricaci\u00f3n, tr\u00e1fico o porte de estupefacientes. Los diez inmuebles restantes fueron allanados entre tres y cuatro oportunidades en los \u00faltimos tres a\u00f1os.<\/p>\n<p>A partir de hacerse efectiva la ocupaci\u00f3n judicial el inmueble queda a disposici\u00f3n de la Sociedad Activa Especial (SAE) del Ministerio de Hacienda. La entidad es la encargada de administrar los bienes en proceso de extinci\u00f3n de dominio hasta cuando se defina la medida final sancionatoria.<\/p>\n<p>La Ley 1708 de 2014, establece como causal para que un inmueble sea vinculado al proceso de extinci\u00f3n que sea reincidente en la destinaci\u00f3n il\u00edcita, m\u00ednimo en dos oportunidades, en el caso que se trate de arrendatarios o terceros de buena fe. Cuando se trata del propietario no se necesita reincidencia para aplicar la medida cautelar.<\/p>\n<p>El art\u00edculo 58 de la Constituci\u00f3n Pol\u00edtica de Colombia establece que el due\u00f1o debe cumplir el objeto social de la propiedad, y debe denunciar ante las autoridades judiciales s\u00ed conoce de la ejecuci\u00f3n de una actividad il\u00edcita en el inmueble por parte de arrendatarios o terceros de buena fe.<\/p>\n<p>La ejecuci\u00f3n de los 12 procedimientos se dispuso luego de recopilar el material probatorio. Las actividades desarrolladas por la Polic\u00eda Judicial demostraron que los inmuebles eran destinados para la comercializaci\u00f3n de estupefacientes en menores cantidades.<\/p>\n<p>La Polic\u00eda Metropolitana, con el objetivo de contrarrestar el tr\u00e1fico de estupefacientes en menores cantidades, continuar\u00e1 con las medidas cautelares que permitan sacar de circulaci\u00f3n las tradicionales ollas de narc\u00f3ticos.<\/p>\n<p><strong>Foto: PRENSA MECUC<\/strong><\/p>\n<p>&nbsp; <\/p>\n","protected":false},"excerpt":{"rendered":"<p>C\u00daCUTA.- En los barrios Ospina P\u00e9rez, Alfonso L\u00f3pez, Comuneros, Alto Pamplonita, Magdalena, San Jos\u00e9, Palmeras y Cuberos Ni\u00f1o, la Polic\u00eda Metropolitana de C\u00facuta (Mecuc) y la Fiscal\u00eda Segunda Especializada de Extinci\u00f3n de Dominio de C\u00facuta desarrollaron 12 diligencias de allanamiento y registro de inmuebles. Las viviendas fueron ocupadas para extinci\u00f3n de dominio por reincidencia en &hellip;<\/p>\n","protected":false},"author":1,"featured_media":27440,"comment_status":"open","ping_status":"open","sticky":false,"template":"","format":"standard","meta":{"footnotes":""},"categories":[11],"tags":[323,3032,163],"class_list":["post-27439","post","type-post","status-publish","format-standard","has-post-thumbnail","hentry","category-cronica-roja","tag-mecuc","tag-ollas-del-narcotrafico","tag-policia-metropolitana"],"_links":{"self":[{"href":"https:\/\/contraluzcucuta.co\/index.php?rest_route=\/wp\/v2\/posts\/27439","targetHints":{"allow":["GET"]}}],"collection":[{"href":"https:\/\/contraluzcucuta.co\/index.php?rest_route=\/wp\/v2\/posts"}],"about":[{"href":"https:\/\/contraluzcucuta.co\/index.php?rest_route=\/wp\/v2\/types\/post"}],"author":[{"embeddable":true,"href":"https:\/\/contraluzcucuta.co\/index.php?rest_route=\/wp\/v2\/users\/1"}],"replies":[{"embeddable":true,"href":"https:\/\/contraluzcucuta.co\/index.php?rest_route=%2Fwp%2Fv2%2Fcomments&post=27439"}],"version-history":[{"count":1,"href":"https:\/\/contraluzcucuta.co\/index.php?rest_route=\/wp\/v2\/posts\/27439\/revisions"}],"predecessor-version":[{"id":27441,"href":"https:\/\/contraluzcucuta.co\/index.php?rest_route=\/wp\/v2\/posts\/27439\/revisions\/27441"}],"wp:featuredmedia":[{"embeddable":true,"href":"https:\/\/contraluzcucuta.co\/index.php?rest_route=\/wp\/v2\/media\/27440"}],"wp:attachment":[{"href":"https:\/\/contraluzcucuta.co\/index.php?rest_route=%2Fwp%2Fv2%2Fmedia&parent=27439"}],"wp:term":[{"taxonomy":"category","embeddable":true,"href":"https:\/\/contraluzcucuta.co\/index.php?rest_route=%2Fwp%2Fv2%2Fcategories&post=27439"},{"taxonomy":"post_tag","embeddable":true,"href":"https:\/\/contraluzcucuta.co\/index.php?rest_route=%2Fwp%2Fv2%2Ftags&post=27439"}],"curies":[{"name":"wp","href":"https:\/\/api.w.org\/{rel}","templated":true}]}}