{"id":27436,"date":"2016-07-06T23:14:29","date_gmt":"2016-07-07T04:14:29","guid":{"rendered":"http:\/\/contraluzcucuta.co\/?p=27436"},"modified":"2016-07-06T23:14:29","modified_gmt":"2016-07-07T04:14:29","slug":"crisis-en-la-frontera-gremios-presentaron-impacto-del-cierre-fronterizo","status":"publish","type":"post","link":"https:\/\/contraluzcucuta.co\/?p=27436","title":{"rendered":"CRISIS EN LA FRONTERA. Gremios presentaron impacto del cierre fronterizo"},"content":{"rendered":"<p><strong>C\u00daCUTA.-<\/strong> Hay grandes expectativas para que la frontera entre Colombia y Venezuela sea abierta. Las reuniones previas de los ministerios de Defensa y los gobernadores del estado T\u00e1chira y de Norte de Santander, son muestras claras de que la decisi\u00f3n va por buen camino.<\/p>\n<p>La canciller de Colombia, Mar\u00eda \u00c1ngela Holgu\u00edn, se reuni\u00f3 ayer con el gobernador William Villamizar; los alcaldes de C\u00facuta, Los Patios, Villa del Rosario, El Zulia, Puerto Santander, Herr\u00e1n, Ragonvalia y Tib\u00fa, y voceros de los gremios productivos de la regi\u00f3n.<\/p>\n<p>La ministra dijo que el encuentro tuvo un prop\u00f3sito esencial: conocer de primera mano la situaci\u00f3n que se vive en la zona de frontera, detalles, casos espec\u00edficos y el corredor humanitario que se adecu\u00f3 en uno de los puentes que comunican a ambos pa\u00edses para apalancar necesidades en salud para los habitantes.<\/p>\n<p>\u201cCre\u00edmos que poner un punto del hospital era \u00fatil, vamos a ver si se puede ampliar, y el corredor humanitario\u201d, dijo Holgu\u00edn. Para ampliar ciento por ciento la frontera no es de un d\u00eda para otro. \u201cDebemos tener programas listos y buenas relaciones entre las fuerzas militares, para que cuando se abra la frontera, no volvamos a lo que se viv\u00eda antes, sino que tengamos una frontera segura y controlada\u201d.<\/p>\n<p>Sobre el paso de mujeres de Venezuela, quienes irrumpieron de manera forzada el cord\u00f3n de seguridad de la Guardia Bolivariana para comprar alimentos y medicinas en Colombia, afirm\u00f3 que \u201cno vamos a dejar que nuestros hermanos venezolanos pasen por problemas de hambre o de medicamentos. Jam\u00e1s les cerraremos (las puertas)\u201d.<\/p>\n<p>El panorama es esperanzador, seg\u00fan lo demostr\u00f3 el gobernador Villamizar Laguado. Considera que este es otro paso para lograr que los gobiernos de Colombia y Venezuela lleguen a un acuerdo para la apertura de la frontera. Es consciente de que este proceso debe complementarse con mesas de trabajo binacionales que se enfoquen en la seguridad, en el control al contrabando y en las migraciones.<\/p>\n<p>\u201cRestablecida la frontera y normalizada como debe ser, es una ventaja para C\u00facuta. El hecho que lleguen compradores, pero cumpliendo con las normas y el orden que debe existir en la l\u00ednea divisoria genera un departamento productivo para todos\u201d, puntualiz\u00f3.<\/p>\n<p><strong>Foto: PRENSA GOBERNACI\u00d3N<\/strong><\/p>\n<p>&nbsp;<\/p>\n<p>&nbsp; <\/p>\n","protected":false},"excerpt":{"rendered":"<p>C\u00daCUTA.- Hay grandes expectativas para que la frontera entre Colombia y Venezuela sea abierta. Las reuniones previas de los ministerios de Defensa y los gobernadores del estado T\u00e1chira y de Norte de Santander, son muestras claras de que la decisi\u00f3n va por buen camino. La canciller de Colombia, Mar\u00eda \u00c1ngela Holgu\u00edn, se reuni\u00f3 ayer con &hellip;<\/p>\n","protected":false},"author":1,"featured_media":27437,"comment_status":"open","ping_status":"open","sticky":false,"template":"","format":"standard","meta":{"footnotes":""},"categories":[1326,45],"tags":[557,2483,2800],"class_list":["post-27436","post","type-post","status-publish","format-standard","has-post-thumbnail","hentry","category-crisis-en-venezuela-2","category-destacado","tag-canciller-maria-angela-holguin","tag-crisis-en-la-frontera","tag-gobernador-william-villamizar"],"_links":{"self":[{"href":"https:\/\/contraluzcucuta.co\/index.php?rest_route=\/wp\/v2\/posts\/27436","targetHints":{"allow":["GET"]}}],"collection":[{"href":"https:\/\/contraluzcucuta.co\/index.php?rest_route=\/wp\/v2\/posts"}],"about":[{"href":"https:\/\/contraluzcucuta.co\/index.php?rest_route=\/wp\/v2\/types\/post"}],"author":[{"embeddable":true,"href":"https:\/\/contraluzcucuta.co\/index.php?rest_route=\/wp\/v2\/users\/1"}],"replies":[{"embeddable":true,"href":"https:\/\/contraluzcucuta.co\/index.php?rest_route=%2Fwp%2Fv2%2Fcomments&post=27436"}],"version-history":[{"count":1,"href":"https:\/\/contraluzcucuta.co\/index.php?rest_route=\/wp\/v2\/posts\/27436\/revisions"}],"predecessor-version":[{"id":27438,"href":"https:\/\/contraluzcucuta.co\/index.php?rest_route=\/wp\/v2\/posts\/27436\/revisions\/27438"}],"wp:featuredmedia":[{"embeddable":true,"href":"https:\/\/contraluzcucuta.co\/index.php?rest_route=\/wp\/v2\/media\/27437"}],"wp:attachment":[{"href":"https:\/\/contraluzcucuta.co\/index.php?rest_route=%2Fwp%2Fv2%2Fmedia&parent=27436"}],"wp:term":[{"taxonomy":"category","embeddable":true,"href":"https:\/\/contraluzcucuta.co\/index.php?rest_route=%2Fwp%2Fv2%2Fcategories&post=27436"},{"taxonomy":"post_tag","embeddable":true,"href":"https:\/\/contraluzcucuta.co\/index.php?rest_route=%2Fwp%2Fv2%2Ftags&post=27436"}],"curies":[{"name":"wp","href":"https:\/\/api.w.org\/{rel}","templated":true}]}}