{"id":27433,"date":"2016-07-06T23:07:27","date_gmt":"2016-07-07T04:07:27","guid":{"rendered":"http:\/\/contraluzcucuta.co\/?p=27433"},"modified":"2016-07-06T23:07:27","modified_gmt":"2016-07-07T04:07:27","slug":"visita-presidencial-queremos-una-frontera-abierta-y-ordenada-santos","status":"publish","type":"post","link":"https:\/\/contraluzcucuta.co\/?p=27433","title":{"rendered":"VISITA PRESIDENCIAL. &#8220;Queremos una frontera abierta y ordenada&#8221;: Santos"},"content":{"rendered":"<p><strong>C<\/strong><strong>\u00da<\/strong><strong>CUTA.-<\/strong> \u200bEl presidente Juan Manuel Santos anunci\u00f3 la creaci\u00f3n de un grupo de trabajo, liderado por la canciller Mar\u00eda \u00c1ngela Holgu\u00edn, para alcanzar el efectivo restablecimiento del paso fronterizo.\u00a0 El Gobierno desea la reapertura de la frontera colombo-venezolana mediante un proceso que debe llevarse a cabo de manera responsable y seria.<\/p>\n<p>El jefe del Estado se reuni\u00f3 con el gobernador de Norte de Santander, William Villamizar, alcaldes y l\u00edderes empresariales. \u201cOjal\u00e1 se vuelva a abrir la frontera (\u2026) se requieren dos para bailar y se requieren dos para abrir la frontera\u201d, se\u00f1al\u00f3.<\/p>\n<p>Dijo que lo \u00a0convenido es que se va a hablar con el presidente de Venezuela, Nicol\u00e1s \u00a0Maduro, y con las autoridades venezolanas, que han expresado tambi\u00e9n el deseo de abrir la frontera. El paso de peatones y veh\u00edculos est\u00e1 cerrado desde agosto de 2015, por orden impartida desde caracas.<\/p>\n<p>El ministro de Defensa, Luis Carlos Villegas, se reuni\u00f3 hace pocos d\u00edas con las autoridades venezolanas para que haya mayor coordinaci\u00f3n entre las partes y as\u00ed evitar que se repitan los males de la apertura de la frontera. En esa medida, puso de presente que ese proceso de reapertura debe cumplir con ciertas condiciones que garanticen el \u00e9xito.<\/p>\n<p>\u201cEsa frontera tiene que abrirse de manera responsable y organizada\u201d, consider\u00f3. Advirti\u00f3 que no se puede retroceder en los avances alcanzados en la lucha contra el contrabando en la zona fronteriza. \u201cY sobre todo: no permitir bajo ninguna circunstancia que lo que hemos avanzado en la lucha contra el contrabando y contra la ilegalidad lo vayamos a retroceder\u201d.<\/p>\n<p>Sobre la creaci\u00f3n del grupo de trabajo liderado por la canciller \u00a0Holgu\u00edn dijo que \u201chemos acordado con los gremios, con el Gobernador, crear un grupo de trabajo. La Canciller va a ser la coordinadora, la directora de ese grupo de trabajo, para que dise\u00f1emos una hoja de ruta ante una eventual apertura de la frontera\u201d.<\/p>\n<p>El mandatario colombiano insisti\u00f3 en la necesidad de trabajar en coordinaci\u00f3n con las autoridades de Venezuela para evitar que situaciones del pasado vuelvan a suceder. \u201cTenemos que coordinar la parte de Venezuela y la parte nuestra aqu\u00ed de Colombia,\u00a0\u00a0 precisamente para que el sector productivo y los nortesantandereanos en general, los cucute\u00f1os, se beneficien de un paso de retorno a la normalidad y evitar que lo malo de la reapertura de la frontera se vuelva a presentar\u201d, puntualiz\u00f3 el Presidente Santos.<\/p>\n<p><strong>Foto: PRENSA GOBERNACI\u00d3N<\/strong><\/p>\n<p>&nbsp; <\/p>\n","protected":false},"excerpt":{"rendered":"<p>C\u00daCUTA.- \u200bEl presidente Juan Manuel Santos anunci\u00f3 la creaci\u00f3n de un grupo de trabajo, liderado por la canciller Mar\u00eda \u00c1ngela Holgu\u00edn, para alcanzar el efectivo restablecimiento del paso fronterizo.\u00a0 El Gobierno desea la reapertura de la frontera colombo-venezolana mediante un proceso que debe llevarse a cabo de manera responsable y seria. El jefe del Estado &hellip;<\/p>\n","protected":false},"author":1,"featured_media":27434,"comment_status":"open","ping_status":"open","sticky":false,"template":"","format":"standard","meta":{"footnotes":""},"categories":[7,4,9],"tags":[2483,324,590],"class_list":["post-27433","post","type-post","status-publish","format-standard","has-post-thumbnail","hentry","category-acontecimientos","category-barra","category-politica","tag-crisis-en-la-frontera","tag-juan-manuel-santos","tag-presidente-santos"],"_links":{"self":[{"href":"https:\/\/contraluzcucuta.co\/index.php?rest_route=\/wp\/v2\/posts\/27433","targetHints":{"allow":["GET"]}}],"collection":[{"href":"https:\/\/contraluzcucuta.co\/index.php?rest_route=\/wp\/v2\/posts"}],"about":[{"href":"https:\/\/contraluzcucuta.co\/index.php?rest_route=\/wp\/v2\/types\/post"}],"author":[{"embeddable":true,"href":"https:\/\/contraluzcucuta.co\/index.php?rest_route=\/wp\/v2\/users\/1"}],"replies":[{"embeddable":true,"href":"https:\/\/contraluzcucuta.co\/index.php?rest_route=%2Fwp%2Fv2%2Fcomments&post=27433"}],"version-history":[{"count":1,"href":"https:\/\/contraluzcucuta.co\/index.php?rest_route=\/wp\/v2\/posts\/27433\/revisions"}],"predecessor-version":[{"id":27435,"href":"https:\/\/contraluzcucuta.co\/index.php?rest_route=\/wp\/v2\/posts\/27433\/revisions\/27435"}],"wp:featuredmedia":[{"embeddable":true,"href":"https:\/\/contraluzcucuta.co\/index.php?rest_route=\/wp\/v2\/media\/27434"}],"wp:attachment":[{"href":"https:\/\/contraluzcucuta.co\/index.php?rest_route=%2Fwp%2Fv2%2Fmedia&parent=27433"}],"wp:term":[{"taxonomy":"category","embeddable":true,"href":"https:\/\/contraluzcucuta.co\/index.php?rest_route=%2Fwp%2Fv2%2Fcategories&post=27433"},{"taxonomy":"post_tag","embeddable":true,"href":"https:\/\/contraluzcucuta.co\/index.php?rest_route=%2Fwp%2Fv2%2Ftags&post=27433"}],"curies":[{"name":"wp","href":"https:\/\/api.w.org\/{rel}","templated":true}]}}