{"id":27430,"date":"2016-07-06T18:32:41","date_gmt":"2016-07-06T23:32:41","guid":{"rendered":"http:\/\/contraluzcucuta.co\/?p=27430"},"modified":"2016-07-06T18:32:41","modified_gmt":"2016-07-06T23:32:41","slug":"feria-de-cucuta-daniela-o-colombinita-mi-vida-es-ser-payaso","status":"publish","type":"post","link":"https:\/\/contraluzcucuta.co\/?p=27430","title":{"rendered":"FERIA DE C\u00daCUTA. Daniela o \u2018Colombinita\u2019: \u201cMi vida es ser payaso\u201d"},"content":{"rendered":"<p><strong>C\u00daCUTA.-<\/strong> Daniela tiene 12 a\u00f1os, \u2018Colombinita\u2019, 8. Las dos, casi siempre, llegan al mismo sitio con misiones diferentes. Daniela entra seria, vestida como cualquier ni\u00f1a; \u2018Colombinita\u2019 aparece sonriente, dulce, tierna. Las dos conviven, se soportan, a pesar de la diferencia en las personalidades. Daniela no tiene edad para maquillarse el rostro; \u2018Colombinita\u2019 lleva las mejillas pintadas de rojo, con pecas negras y figuras geom\u00e9tricas blancas.<\/p>\n<p>Daniela es la ni\u00f1a juiciosa que va al colegio a aprender matem\u00e1ticas, lenguaje, sociales, religi\u00f3n; \u2018Colombinita\u2019 en la peque\u00f1a payasita que complementa el espect\u00e1culo de \u2018Torombolo\u2019, su padre, y la encargada de arrancarles carcajadas a ni\u00f1os y adultos en las fiestas. En las presentaciones domina \u2018Colombinita\u2019, y cuando terminan aparece Daniela para regresar a casa a hacer tareas.<\/p>\n<p>Daniela se llama \u2018Colombinita\u2019, porque es hija de \u2018Chupetica\u2019. As\u00ed lo decidieron en casa cuando ten\u00eda 4 a\u00f1os y mostr\u00f3 las dotes para la actuaci\u00f3n.\u00a0 Hoy, es parte fundamental en cada funci\u00f3n. Se sabe el repertorio de chistes y conoce el di\u00e1logo que recita con gracia y voz consentida.<\/p>\n<p>Para completar la dulzura de la familia, la hermana de llama \u2018Bomboncito\u2019 y el hermano \u2018Torombolito\u2019. De esa manera no queda nada amargo por fuera y todos empujan el carro de los confites para el mismo lado.<\/p>\n<p>\u201cDesde un principio siempre tuve ese talento\u201d. Lo reconoce sin ruborizarse, sin titubear; todo lo contrario, lo hace con propiedad de artista y con convicci\u00f3n de personaje circense. Esta condici\u00f3n, al tiempo que la disfruta, le ha servido para el estudio y para expresarse en p\u00fablico.<\/p>\n<p>Est\u00e1 segura, eso s\u00ed, de que \u201cmi vida es ser payaso\u201d. Si no hubiera tomado este camino de la actuaci\u00f3n, ser\u00eda una ni\u00f1a normal que vive de sue\u00f1os infantiles. \u201cEl ser payaso me sirve para mi vida diaria\u201d. Cursa s\u00e9ptimo grado y los compa\u00f1eros de curso se acostumbraron a compartir con Daniela, en los momentos ceremoniosos, y con \u2018Colombinita\u2019, en los ratos de alegr\u00eda.<\/p>\n<p>El momento en el que se pone seria y deja las payasadas a un lado ocurre cuando asume el papel de estudiante y debe cumplir con los deberes que le imponen los profesores. Aunque, \u201cseria, seria, nunca soy. Soy alegre, nunca estoy triste, siempre tengo una sonrisa\u201d.<\/p>\n<p>En el colegio viste el uniforme, en la calle los pantalones y las blusas de ni\u00f1a y para trabajar tiene nueve vestidos. El que m\u00e1s le gusta es el de camisa blanca con cuello multicolor, falda pintoresca, medias rosadas con figuritas, botas y sombrero. As\u00ed luce c\u00f3moda para actuar y hacerle la segunda a \u2018Torombolo\u2019, que lleva en estas lides m\u00e1s de cuatro d\u00e9cadas.<\/p>\n<p>La cara la lleva pintada como ha sido costumbre en casa. Los cinco miembros de la familia se la maquillan igual. \u201cYo soy con ruborcito en la cara, igual que mi hermana; mi hermano es una bolita, y mi pap\u00e1 es con rubor\u201d.<\/p>\n<p>A pesar de ser una familia de artistas c\u00f3micos, hay instantes en los que el rega\u00f1o aparece. El padre, cuando los reprende, evita que se le salga alguna payasada porque perder\u00eda la autoridad que pretende imponer. \u201cAl mismo tiempo nos dice palabras chistosas y terminamos ri\u00e9ndonos\u201d.<\/p>\n<p>Para Daniela cuando comparte con los amigos es inevitable que aparezca \u2018Colombinita\u2019. En otros momentos, prefiere callar, no decir nada. Cuando estudia no deja que la payasita la distraiga. Y aqu\u00ed se marcan fronteras entre una y otra. \u201cLa diferencia es grande, porque Daniela tiene vida de ni\u00f1a, y \u2018Colombinita\u2019 tiene una vida de fantas\u00eda\u201d.<\/p>\n<p>Daniela llegar\u00e1 hasta donde lo permita el tope de la vida, \u201ccreo que me va a llegar pronto\u201d. \u2018Colombinita\u2019, en cambio, estar\u00e1 en el coraz\u00f3n, \u201cva a estar siempre en m\u00ed\u201d. Cuando los a\u00f1os pasen, la voz dulce le cambie, el cuerpo crezca y los gustos sean otros, no pasar\u00e1 a ser \u2018Colombina\u2019, sino que mantendr\u00e1 el nombre de \u2018Colombinita\u2019. \u201cMi hermano es \u2018Torombolito\u2019 y es un \u2018Torombolote\u201d.<\/p>\n<p>\u2018Colombinita\u2019 mir\u00f3 a los lados para comprobar que Daniela no estaba escuch\u00e1ndola. Solt\u00f3 otra carcajada tierna y se alej\u00f3 para ponerse a la orden de \u2018Torombolo\u2019. La aguardaban para comenzar la presentaci\u00f3n correspondiente al segundo festival municipal de payasos y circo. Por fortuna tendr\u00e1 trabajo hasta el 17 de julio, en desarrollo de la Feria de C\u00facuta.<\/p>\n<p><strong>RAFAEL ANTONIO PAB\u00d3N<\/strong><\/p>\n<p><a href=\"mailto:rafaelpabon58@hotmail.com\"><strong>rafaelpabon58@hotmail.com<\/strong><\/a><\/p>\n<p><strong>Foto: <\/strong><a href=\"http:\/\/www.contraluzcucuta.co\"><strong>www.contraluzcucuta.co<\/strong><\/a><\/p>\n<p>&nbsp; <\/p>\n","protected":false},"excerpt":{"rendered":"<p>C\u00daCUTA.- Daniela tiene 12 a\u00f1os, \u2018Colombinita\u2019, 8. Las dos, casi siempre, llegan al mismo sitio con misiones diferentes. Daniela entra seria, vestida como cualquier ni\u00f1a; \u2018Colombinita\u2019 aparece sonriente, dulce, tierna. Las dos conviven, se soportan, a pesar de la diferencia en las personalidades. Daniela no tiene edad para maquillarse el rostro; \u2018Colombinita\u2019 lleva las mejillas &hellip;<\/p>\n","protected":false},"author":1,"featured_media":27431,"comment_status":"open","ping_status":"open","sticky":false,"template":"","format":"standard","meta":{"footnotes":""},"categories":[17,4],"tags":[3030,3029,3031],"class_list":["post-27430","post","type-post","status-publish","format-standard","has-post-thumbnail","hentry","category-conversaciones-a-contraluz","category-barra","tag-colombinita","tag-feria-de-cucuta","tag-festival-de-payasos"],"_links":{"self":[{"href":"https:\/\/contraluzcucuta.co\/index.php?rest_route=\/wp\/v2\/posts\/27430","targetHints":{"allow":["GET"]}}],"collection":[{"href":"https:\/\/contraluzcucuta.co\/index.php?rest_route=\/wp\/v2\/posts"}],"about":[{"href":"https:\/\/contraluzcucuta.co\/index.php?rest_route=\/wp\/v2\/types\/post"}],"author":[{"embeddable":true,"href":"https:\/\/contraluzcucuta.co\/index.php?rest_route=\/wp\/v2\/users\/1"}],"replies":[{"embeddable":true,"href":"https:\/\/contraluzcucuta.co\/index.php?rest_route=%2Fwp%2Fv2%2Fcomments&post=27430"}],"version-history":[{"count":1,"href":"https:\/\/contraluzcucuta.co\/index.php?rest_route=\/wp\/v2\/posts\/27430\/revisions"}],"predecessor-version":[{"id":27432,"href":"https:\/\/contraluzcucuta.co\/index.php?rest_route=\/wp\/v2\/posts\/27430\/revisions\/27432"}],"wp:featuredmedia":[{"embeddable":true,"href":"https:\/\/contraluzcucuta.co\/index.php?rest_route=\/wp\/v2\/media\/27431"}],"wp:attachment":[{"href":"https:\/\/contraluzcucuta.co\/index.php?rest_route=%2Fwp%2Fv2%2Fmedia&parent=27430"}],"wp:term":[{"taxonomy":"category","embeddable":true,"href":"https:\/\/contraluzcucuta.co\/index.php?rest_route=%2Fwp%2Fv2%2Fcategories&post=27430"},{"taxonomy":"post_tag","embeddable":true,"href":"https:\/\/contraluzcucuta.co\/index.php?rest_route=%2Fwp%2Fv2%2Ftags&post=27430"}],"curies":[{"name":"wp","href":"https:\/\/api.w.org\/{rel}","templated":true}]}}