{"id":27405,"date":"2016-07-04T10:45:31","date_gmt":"2016-07-04T15:45:31","guid":{"rendered":"http:\/\/contraluzcucuta.co\/?p=27405"},"modified":"2016-07-04T10:45:31","modified_gmt":"2016-07-04T15:45:31","slug":"mensaje-del-obispo-dejen-vivir-en-paz-los-tachirenses-monsenor-moronta","status":"publish","type":"post","link":"https:\/\/contraluzcucuta.co\/?p=27405","title":{"rendered":"MENSAJE DEL OBISPO. Dejen vivir en paz a los tachirenses: monse\u00f1or Moronta"},"content":{"rendered":"<p><strong>SAN CRIST\u00d3BAL \u2013 Venezuela.-<\/strong> El obispo de San Crist\u00f3bal (Venezuela), monse\u00f1or Mario Moronta, mostr\u00f3 profunda preocupaci\u00f3n por los \u00faltimos acontecimientos violentos que han golpeado la paz social y la seguridad plena en el estado T\u00e1chira, en especial en el municipio Ayacucho.<\/p>\n<p>\u201cLa acci\u00f3n escondida de algunos grupos irregulares, cuya presencia no es ning\u00fan secreto para nadie, ha venido enturbiando desde hace tiempo la serenidad con la que se debe vivir\u201d, se\u00f1al\u00f3 el prelado en la carta enviada a los fieles.<\/p>\n<p>En el documento le\u00eddo este 3 de julio en las parroquias tachirenses, se\u00f1al\u00f3 que no es secreto el aumento del cobro de \u2018vacunas\u2019 y las amenazas veladas, pero directas, contra personas, comunidades e instituciones. Estos hechos, indic\u00f3, \u201cgeneran desconcierto, temores y preocupaci\u00f3n\u201d.<\/p>\n<p>Reiter\u00f3 que los grupos irregulares nunca dan la cara, pero se sabe que existen y ejercen sus acciones por medios muy sutiles. Esta situaci\u00f3n, seg\u00fan monse\u00f1or Moronta, tambi\u00e9n se da en otros sitios de la regi\u00f3n, sin exclusi\u00f3n de ning\u00fan tipo.<\/p>\n<p>\u201cAlgunas muertes violentas que se han producido en los \u00faltimos tiempos, seg\u00fan el comentario de muchas personas, pueden ser atribuidas a estos grupos irregulares\u201d, manifest\u00f3 el pastor cat\u00f3lico. Critic\u00f3 el accionar de esos sujetos armados que \u201cquieren poseer y dominar un territorio como si fueran sus due\u00f1os y ejercer un control sobre la vida de las personas y comunidades\u201d. Esto ha creado la sensaci\u00f3n de indefensi\u00f3n entre las familias tachirenses.<\/p>\n<p>Apel\u00f3 a las palabras del papa Francisco para iluminar lo que sucede. \u201cAs\u00ed como el bien tiende a comunicarse, el mal consentido, que es la injusticia, tiende a expandir su potencia da\u00f1ina y a socavar silenciosamente las bases de cualquier sistema pol\u00edtico y social por m\u00e1s s\u00f3lido que parezca. Si cada acci\u00f3n tiene consecuencias, un mal enquistado en las estructuras de una sociedad tiene siempre un potencial de disoluci\u00f3n\u201d (Evangelii Gaudium, n. 59).<\/p>\n<p>Frente a todos estos hechos, que reflejan lo que se vive en el estado T\u00e1chira, \u201cnos corresponde a todos, con la confianza puesta en Dios, no dejarnos robar ni la esperanza, ni el sentido de comunidad, ni la paz, como nos ense\u00f1a el mismo papa Francisco\u201d.<\/p>\n<p>Para tranquilizar\u00a0 a las comunidades afectadas por la violencia, el obispo Mario Moronta envi\u00f3 su voz y su compromiso de solidaridad. \u201cUn pastor debe estar siempre preocupado por su grey\u201d, y les record\u00f3 que est\u00e1n en el coraz\u00f3n del pastor y acompa\u00f1ados por la comuni\u00f3n de los sacerdotes y laicos de la Iglesia local de San Crist\u00f3bal.<\/p>\n<p>\u201cEl saberse acompa\u00f1ados debe ser un motivo de crecimiento, pues no est\u00e1n solos, aunque haya la amenaza velada de quienes prefieren una violencia que se ha venido convirtiendo en delincuencia e irrespeta la dignidad de cada uno de los hombres y mujeres de sus comunidades. Esto es, a la vez, una ofensa a Dios\u201d, escribi\u00f3 el obispo.<\/p>\n<p>Llam\u00f3 a las autoridades civiles y militares, a los responsables de la seguridad ciudadana y a los que deben ser garantes de la soberan\u00eda \u00a0a que tomen muy en serio lo que desde hace tiempo ha venido sucediendo tanto en el Municipio Ayacucho como en otros Municipios del T\u00e1chira. \u201cLa indefensi\u00f3n de muchos sectores ante las veladas amenazas de estos grupos irregulares con sus terribles consecuencias debe ser atendida por quienes tienen la obligaci\u00f3n de vigilar por la seguridad y la paz social\u201d.<\/p>\n<p>Dijo que para combatir la inseguridad no se trata solo de operativos \u00a0coyunturales y puntuales, sino de una acci\u00f3n permanente que garantice la debida protecci\u00f3n y la sana convivencia, \u201csin miedos y sin aprehensiones, sin que haya fuerzas ocultas \u2013aunque conocidas- que pretenden seguir cobrando \u2018vacunas\u2019 y ejerciendo acciones que no les corresponden\u201d.<\/p>\n<p>A quienes forman parte y colaboran con los grupos irregulares les pidi\u00f3 que dejen el uso de las armas y de las amenazas contra la gente, dejen de cobrar \u2018vacunas\u2019 y de crear zozobra en las comunidades. \u201cEst\u00e1n atentando contra el mismo Dios que nos ha hecho sus hijos. Ustedes tambi\u00e9n son hijos de Dios y no puede levantarse la mano de unos hermanos contra otros. \u00dananse a quienes de verdad quieren vivir en el amor fraterno. Pero de una vez por todas, dejen vivir en paz a todos los ciudadanos de esta regi\u00f3n\u201d.<\/p>\n<p><strong>Foto: Prensa Di\u00f3cesisSC<\/strong><\/p>\n<p>&nbsp;<\/p>\n<p>&nbsp; <\/p>\n","protected":false},"excerpt":{"rendered":"<p>SAN CRIST\u00d3BAL \u2013 Venezuela.- El obispo de San Crist\u00f3bal (Venezuela), monse\u00f1or Mario Moronta, mostr\u00f3 profunda preocupaci\u00f3n por los \u00faltimos acontecimientos violentos que han golpeado la paz social y la seguridad plena en el estado T\u00e1chira, en especial en el municipio Ayacucho. \u201cLa acci\u00f3n escondida de algunos grupos irregulares, cuya presencia no es ning\u00fan secreto para &hellip;<\/p>\n","protected":false},"author":1,"featured_media":27406,"comment_status":"open","ping_status":"open","sticky":false,"template":"","format":"standard","meta":{"footnotes":""},"categories":[1326,45,4],"tags":[1164,1584,2491,1156],"class_list":["post-27405","post","type-post","status-publish","format-standard","has-post-thumbnail","hentry","category-crisis-en-venezuela-2","category-destacado","category-barra","tag-crisis-en-venezuela","tag-diocesis-de-san-cristobal","tag-monsenor-mario-moronta","tag-obispo-de-san-cristobal"],"_links":{"self":[{"href":"https:\/\/contraluzcucuta.co\/index.php?rest_route=\/wp\/v2\/posts\/27405","targetHints":{"allow":["GET"]}}],"collection":[{"href":"https:\/\/contraluzcucuta.co\/index.php?rest_route=\/wp\/v2\/posts"}],"about":[{"href":"https:\/\/contraluzcucuta.co\/index.php?rest_route=\/wp\/v2\/types\/post"}],"author":[{"embeddable":true,"href":"https:\/\/contraluzcucuta.co\/index.php?rest_route=\/wp\/v2\/users\/1"}],"replies":[{"embeddable":true,"href":"https:\/\/contraluzcucuta.co\/index.php?rest_route=%2Fwp%2Fv2%2Fcomments&post=27405"}],"version-history":[{"count":1,"href":"https:\/\/contraluzcucuta.co\/index.php?rest_route=\/wp\/v2\/posts\/27405\/revisions"}],"predecessor-version":[{"id":27407,"href":"https:\/\/contraluzcucuta.co\/index.php?rest_route=\/wp\/v2\/posts\/27405\/revisions\/27407"}],"wp:featuredmedia":[{"embeddable":true,"href":"https:\/\/contraluzcucuta.co\/index.php?rest_route=\/wp\/v2\/media\/27406"}],"wp:attachment":[{"href":"https:\/\/contraluzcucuta.co\/index.php?rest_route=%2Fwp%2Fv2%2Fmedia&parent=27405"}],"wp:term":[{"taxonomy":"category","embeddable":true,"href":"https:\/\/contraluzcucuta.co\/index.php?rest_route=%2Fwp%2Fv2%2Fcategories&post=27405"},{"taxonomy":"post_tag","embeddable":true,"href":"https:\/\/contraluzcucuta.co\/index.php?rest_route=%2Fwp%2Fv2%2Ftags&post=27405"}],"curies":[{"name":"wp","href":"https:\/\/api.w.org\/{rel}","templated":true}]}}