{"id":27401,"date":"2016-07-04T10:00:54","date_gmt":"2016-07-04T15:00:54","guid":{"rendered":"http:\/\/contraluzcucuta.co\/?p=27401"},"modified":"2016-07-04T10:00:54","modified_gmt":"2016-07-04T15:00:54","slug":"notas-al-margen-hacia-donde-vamos-que-estamos-haciendo","status":"publish","type":"post","link":"https:\/\/contraluzcucuta.co\/?p=27401","title":{"rendered":"NOTAS AL MARGEN. \u00bfHacia d\u00f3nde vamos? \u00bfQu\u00e9 estamos haciendo?"},"content":{"rendered":"<p>1.- La gran mayor\u00eda de colombianos, que vivamente ansiamos un sincero y progresista proceso de trasformaci\u00f3n y cambio que penetre en todas las capas sociales y se proyecte en lo econ\u00f3mico y pol\u00edtico \u00a0de manera franca y efectiva, permanecemos atentos a los desenvolvimientos que plantea lo suscrito en La Habana, entre los representantes del Gobierno, que orientan los destinos de Colombia,\u00a0 y los dirigentes de las Fuerzas Armadas Revolucionarias de\u00a0 Colombia (Farc), que aceptan replantear sus derroteros y consignas en procura del mejoramiento integral y colectivo en la naci\u00f3n.<\/p>\n<p>Ante ese hecho, de especiales y comprometedoras connotaciones, porque se convoca a la conciencia ciudadana para que acepte o rechace lo que ha trascendido y as\u00ed se defina lo que corresponde\u00a0 cumplir, es conveniente destacar que los partidos pol\u00edticos, de manera clara y rotunda, no han advertido la conducta y los procedimientos que emplear\u00e1n para recibir o no dar cabida a los nuevos protagonistas en las instancias y gestiones que quieren cumplir, como igualmente los miembros de las Farc a\u00fan no han precisado y hecho p\u00fablica la plataforma de acciones y prop\u00f3sitos que enmarcar\u00e1n sus postulados, as\u00ed como\u00a0 las precisiones y los alcances sobre cada regi\u00f3n o tem\u00e1tica espec\u00edfica que anhelan y esperan ejecutar.<\/p>\n<p>2.- Lo anterior, es b\u00e1sico, porque si Colombia y su gente quieren una trasformaci\u00f3n, es inaplazable y fundamental que se haga y promueva una ilustraci\u00f3n informativa para conocer y deducir no solo los pasos que se deben dar, sino las variables que dar\u00e1n aliento y consistencia a lo que se insin\u00faa y quiere lograrse. Y para que aparezcan en los auditorios p\u00fablicos y privados los ex\u00e1menes y los an\u00e1lisis sobre las propuestas y los nombres que dar\u00e1n presencia y vivencia a planes, prospectos y `proyectos que se someter\u00e1n al enfoque y evaluaci\u00f3n de los colombianos y en\u00a0 cada localidad, vereda, municipio, provincia, regi\u00f3n o departamento\u00a0\u00a0 y sus implicaciones, costos y sistemas de financiaci\u00f3n y control.<\/p>\n<p>3.- Es conveniente lo se\u00f1alado, porque si hay algo que merezca una atenci\u00f3n de primer orden, es lo referente a las pautas y los requisitos de\u00a0 adjudicaci\u00f3n, seguimiento y control\u00a0 de obras y contratos, as\u00ed como en lo pertinente al cubrimiento y atenci\u00f3n de \u00e1reas, zonas y servicios que corresponden a\u00a0 las regiones marginales y abandonadas de Colombia-como son las fronteras- e incluido, lo alusivo y referente a la descentralizaci\u00f3n administrativa y al grado de presencia y participaci\u00f3n que deben tener los pobladores de estas fajas territoriales en la soluci\u00f3n\u00a0 y el desarrollo de los problemas y las necesidades apremiantes y esenciales.<\/p>\n<p>Por todo esto y porque todo lo que hace parte de este engranaje pol\u00edtico, econ\u00f3mico y social, requiere &#8211;\u00a0 y de manera exigente &#8211; \u00a0\u00a0prontas,\u00a0 amplias, plenas y demostrables claridades, es de esperar, que todos a una y por el bien y progreso \u00a0podamos enterarnos y as\u00ed deducir el \u00bfhacia d\u00f3nde vamos? Y las tareas prioritarias y conducentes para el desarrollo nacional, ante las miradas del panorama internacional, que nos observan, analizan y califican.<\/p>\n<p><strong>JOS\u00c9 NEIRA REY<\/strong><\/p>\n<p><a href=\"mailto:jneirarey@hotmail.com\">jneirarey@hotmail.com<\/a><\/p>\n<p><strong>Foto:\u00a0 <a class=\"_ZR irc_hol i3724\" tabindex=\"0\" href=\"https:\/\/www.google.com.co\/url?sa=i&amp;rct=j&amp;q=&amp;esrc=s&amp;source=images&amp;cd=&amp;cad=rja&amp;uact=8&amp;ved=0ahUKEwjLivKmidrNAhUBKh4KHaYcDpcQjB0IBg&amp;url=http%3A%2F%2Finternacional.elpais.com%2Finternacional%2F2015%2F09%2F23%2Factualidad%2F1443034878_643790.html&amp;psig=AFQjCNGEmVqt6Am_cLFE6YmbLAFsIZrVTg&amp;ust=1467730166549255\" target=\"_blank\" data-noload=\"\" data-href=\"http:\/\/internacional.elpais.com\/internacional\/2015\/09\/23\/actualidad\/1443034878_643790.html\" data-ved=\"0ahUKEwjLivKmidrNAhUBKh4KHaYcDpcQjB0IBg\"><span class=\"irc_ho\" dir=\"ltr\">internacional.elpais.com<\/span><\/a><\/strong><\/p>\n<p>&nbsp; <\/p>\n","protected":false},"excerpt":{"rendered":"<p>1.- La gran mayor\u00eda de colombianos, que vivamente ansiamos un sincero y progresista proceso de trasformaci\u00f3n y cambio que penetre en todas las capas sociales y se proyecte en lo econ\u00f3mico y pol\u00edtico \u00a0de manera franca y efectiva, permanecemos atentos a los desenvolvimientos que plantea lo suscrito en La Habana, entre los representantes del Gobierno, &hellip;<\/p>\n","protected":false},"author":1,"featured_media":27403,"comment_status":"open","ping_status":"open","sticky":false,"template":"","format":"standard","meta":{"footnotes":""},"categories":[14,4],"tags":[382,956,502],"class_list":["post-27401","post","type-post","status-publish","format-standard","has-post-thumbnail","hentry","category-articulistas","category-barra","tag-jose-neira","tag-notas-al-margen","tag-proceso-de-paz-en-colombia"],"_links":{"self":[{"href":"https:\/\/contraluzcucuta.co\/index.php?rest_route=\/wp\/v2\/posts\/27401","targetHints":{"allow":["GET"]}}],"collection":[{"href":"https:\/\/contraluzcucuta.co\/index.php?rest_route=\/wp\/v2\/posts"}],"about":[{"href":"https:\/\/contraluzcucuta.co\/index.php?rest_route=\/wp\/v2\/types\/post"}],"author":[{"embeddable":true,"href":"https:\/\/contraluzcucuta.co\/index.php?rest_route=\/wp\/v2\/users\/1"}],"replies":[{"embeddable":true,"href":"https:\/\/contraluzcucuta.co\/index.php?rest_route=%2Fwp%2Fv2%2Fcomments&post=27401"}],"version-history":[{"count":1,"href":"https:\/\/contraluzcucuta.co\/index.php?rest_route=\/wp\/v2\/posts\/27401\/revisions"}],"predecessor-version":[{"id":27404,"href":"https:\/\/contraluzcucuta.co\/index.php?rest_route=\/wp\/v2\/posts\/27401\/revisions\/27404"}],"wp:featuredmedia":[{"embeddable":true,"href":"https:\/\/contraluzcucuta.co\/index.php?rest_route=\/wp\/v2\/media\/27403"}],"wp:attachment":[{"href":"https:\/\/contraluzcucuta.co\/index.php?rest_route=%2Fwp%2Fv2%2Fmedia&parent=27401"}],"wp:term":[{"taxonomy":"category","embeddable":true,"href":"https:\/\/contraluzcucuta.co\/index.php?rest_route=%2Fwp%2Fv2%2Fcategories&post=27401"},{"taxonomy":"post_tag","embeddable":true,"href":"https:\/\/contraluzcucuta.co\/index.php?rest_route=%2Fwp%2Fv2%2Ftags&post=27401"}],"curies":[{"name":"wp","href":"https:\/\/api.w.org\/{rel}","templated":true}]}}