{"id":27398,"date":"2016-07-04T09:14:00","date_gmt":"2016-07-04T14:14:00","guid":{"rendered":"http:\/\/contraluzcucuta.co\/?p=27398"},"modified":"2016-07-04T09:14:00","modified_gmt":"2016-07-04T14:14:00","slug":"rio-2016-termino-gira-de-jossimar-9-medallas-en-brasil-turquia-y-portugal","status":"publish","type":"post","link":"https:\/\/contraluzcucuta.co\/?p=27398","title":{"rendered":"R\u00cdO 2016. Termin\u00f3 gira de Jossimar: 9 medallas en Brasil, Turqu\u00eda y Portugal"},"content":{"rendered":"<p>Nueve medallas gan\u00f3 Jossimar Calvo en la etapa de preparaci\u00f3n rumbo a los Juegos Ol\u00edmpicos de R\u00edo de Janeiro. En Brasil obtuvo la presea de oro en barras paralelas; en Portugal, oro en fija y plata en paralelas, y en Turqu\u00eda, oro en arzones, plata en paralelas, fija, anillos y piso, y bronce en salto.<\/p>\n<p>La gira de preparaci\u00f3n, en las \u00faltimas seis semanas, lo llev\u00f3 a Sao Paulo, Anadia y Mersin. Particip\u00f3 en tres copas del mundo, comparti\u00f3\u00a0 con los mejores de la gimnasia internacional y alcanz\u00f3 el ritmo competitivo para el objetivo m\u00e1ximo de 2016.<\/p>\n<p>En la Copa Mundo de Mersin (Turquia) termin\u00f3 la participaci\u00f3n en competencias antes de R\u00edo 2016. El cucute\u00f1o tendr\u00e1 el remate de trabajo para los Ol\u00edmpicos con la concentraci\u00f3n previa en Brasil. De acuerdo con el plan estipulado por el entrenador Jairo Ruiz, as\u00ed llegar\u00e1 en la mejor forma a la m\u00e1xima cita del deporte en el planeta.<\/p>\n<p>El saldo de la gira se complementa con los puntos que sum\u00f3 en el ranquin mundial.<\/p>\n<p>En Mersin se colg\u00f3 las medallas de oro en\u00a0 arzones con 14.850 puntos; plata en paralelas (15.500), anillos (14.100), fija (14.950) y piso (14.200). Bronce en salto (14.025), aunque la intensidad de competencia no fue la misma como consecuencia de las acciones violentas de principio de semana, que impidieron la participaci\u00f3n de todos los gimnastas y pa\u00edses esperados.<\/p>\n<p>Antes de la gira Jossimar solo hab\u00eda participado en dos competencias. Ahora, retoma el ritmo y la preparaci\u00f3n que lo proyectar\u00e1n para el torneo ol\u00edmpico, que iniciar\u00e1 el 6 de agosto en R\u00edo de Janeiro.<\/p>\n<p>\u201cEstoy contento con los resultados obtenidos por m\u00ed y por mis compa\u00f1eros. El trabajo fue de alto nivel, lo que nos va a servir para la participaci\u00f3n en los Juegos Ol\u00edmpicos\u201d, dijo el gimnasta cucute\u00f1o.<\/p>\n<p>Agradeci\u00f3 el apoyo bridado al equipo colombiano de gimnasia y se comprometi\u00f3 a trabajar para cosechar m\u00e1s triunfos para Colombia.<\/p>\n<p>Once finales sum\u00f3 Jossimar Calvo en las copas mundo en 2016:<\/p>\n<p>1.- En Sao Paulo disput\u00f3 la presea de oro en suelo, barras paralelas y barra fija.<\/p>\n<p>2.- En Anadia lleg\u00f3 a la disputa de las preseas en fija y paralela.<\/p>\n<p>3.- En Mers\u00edn pudo disputar las finales de los seis aparatos subiendo siempre al podio.<\/p>\n<p><strong>Foto: <a href=\"http:\/\/colombia.as.com\/\">http:\/\/colombia.as.com\/<\/a><\/strong><\/p>\n<p>&nbsp;<\/p>\n<p>&nbsp; <\/p>\n","protected":false},"excerpt":{"rendered":"<p>Nueve medallas gan\u00f3 Jossimar Calvo en la etapa de preparaci\u00f3n rumbo a los Juegos Ol\u00edmpicos de R\u00edo de Janeiro. En Brasil obtuvo la presea de oro en barras paralelas; en Portugal, oro en fija y plata en paralelas, y en Turqu\u00eda, oro en arzones, plata en paralelas, fija, anillos y piso, y bronce en salto. &hellip;<\/p>\n","protected":false},"author":1,"featured_media":27399,"comment_status":"open","ping_status":"open","sticky":false,"template":"","format":"standard","meta":{"footnotes":""},"categories":[4,28],"tags":[2148,639,2132],"class_list":["post-27398","post","type-post","status-publish","format-standard","has-post-thumbnail","hentry","category-barra","category-vistazo-deportivo","tag-federacion-colombiana-de-gimnasia","tag-jossimar-calvo","tag-liga-de-gimnasia-de-norte-de-santander"],"_links":{"self":[{"href":"https:\/\/contraluzcucuta.co\/index.php?rest_route=\/wp\/v2\/posts\/27398","targetHints":{"allow":["GET"]}}],"collection":[{"href":"https:\/\/contraluzcucuta.co\/index.php?rest_route=\/wp\/v2\/posts"}],"about":[{"href":"https:\/\/contraluzcucuta.co\/index.php?rest_route=\/wp\/v2\/types\/post"}],"author":[{"embeddable":true,"href":"https:\/\/contraluzcucuta.co\/index.php?rest_route=\/wp\/v2\/users\/1"}],"replies":[{"embeddable":true,"href":"https:\/\/contraluzcucuta.co\/index.php?rest_route=%2Fwp%2Fv2%2Fcomments&post=27398"}],"version-history":[{"count":1,"href":"https:\/\/contraluzcucuta.co\/index.php?rest_route=\/wp\/v2\/posts\/27398\/revisions"}],"predecessor-version":[{"id":27400,"href":"https:\/\/contraluzcucuta.co\/index.php?rest_route=\/wp\/v2\/posts\/27398\/revisions\/27400"}],"wp:featuredmedia":[{"embeddable":true,"href":"https:\/\/contraluzcucuta.co\/index.php?rest_route=\/wp\/v2\/media\/27399"}],"wp:attachment":[{"href":"https:\/\/contraluzcucuta.co\/index.php?rest_route=%2Fwp%2Fv2%2Fmedia&parent=27398"}],"wp:term":[{"taxonomy":"category","embeddable":true,"href":"https:\/\/contraluzcucuta.co\/index.php?rest_route=%2Fwp%2Fv2%2Fcategories&post=27398"},{"taxonomy":"post_tag","embeddable":true,"href":"https:\/\/contraluzcucuta.co\/index.php?rest_route=%2Fwp%2Fv2%2Ftags&post=27398"}],"curies":[{"name":"wp","href":"https:\/\/api.w.org\/{rel}","templated":true}]}}