{"id":27391,"date":"2016-07-02T12:00:08","date_gmt":"2016-07-02T17:00:08","guid":{"rendered":"http:\/\/contraluzcucuta.co\/?p=27391"},"modified":"2016-07-02T12:00:08","modified_gmt":"2016-07-02T17:00:08","slug":"expo-de-todo-feria-empresarial-de-norte-de-santander","status":"publish","type":"post","link":"https:\/\/contraluzcucuta.co\/?p=27391","title":{"rendered":"\u2018EXPO DE TODO\u2019. Feria Empresarial de Norte de Santander"},"content":{"rendered":"<p><strong>C\u00daCUTA.-<\/strong> Cien expositores presentar\u00e1n sus productos a los cucute\u00f1os en desarrollo de la feria Expo de Todo, que se cumple en el coliseo cubierto de la Universidad Francisco de Paula Santander (UFPS). La actividad cerrar\u00e1 el 4 de julio.<\/p>\n<p>Los nortesantandereanos que la visiten gozar\u00e1n de diferentes espacios en los que podr\u00e1n apreciar ropa, calzado y accesorios, entre otros art\u00edculos y proyectos. Empresarios de peque\u00f1as, medianas y grandes empresas vender\u00e1n los productos, har\u00e1n mercadeo y generar\u00e1n contactos con futuros clientes.<\/p>\n<p>La Feria Empresarial se efect\u00faa en alianza con la Alcald\u00eda de C\u00facuta. \u201cEsperamos que para el pr\u00f3ximo a\u00f1o se incremente \u2013por lo menos- a 150 empresas que puedan exponer ante los ciudadanos todos los servicios y productos\u201d, dijo el alcalde C\u00e9sar Rojas.<\/p>\n<p>El gobernador William Villamizar\u00a0 presenci\u00f3 la inauguraci\u00f3n de la feria, organizada por el diario La Opini\u00f3n, y destac\u00f3 la labor del medio de comunicaci\u00f3n en la generaci\u00f3n de espacios que permiten mostrar productos e incrementar la econom\u00eda del departamento.<\/p>\n<p><strong>Foto: PRENSA GOBERNACI\u00d3N<\/strong><\/p>\n<p>&nbsp;<\/p>\n<p>&nbsp; <\/p>\n","protected":false},"excerpt":{"rendered":"<p>C\u00daCUTA.- Cien expositores presentar\u00e1n sus productos a los cucute\u00f1os en desarrollo de la feria Expo de Todo, que se cumple en el coliseo cubierto de la Universidad Francisco de Paula Santander (UFPS). La actividad cerrar\u00e1 el 4 de julio. Los nortesantandereanos que la visiten gozar\u00e1n de diferentes espacios en los que podr\u00e1n apreciar ropa, calzado &hellip;<\/p>\n","protected":false},"author":1,"featured_media":27392,"comment_status":"open","ping_status":"open","sticky":false,"template":"","format":"standard","meta":{"footnotes":""},"categories":[32],"tags":[1848,3023,1186],"class_list":["post-27391","post","type-post","status-publish","format-standard","has-post-thumbnail","hentry","category-recorrido-por-la-region","tag-feria-empresarial","tag-feria-expo-de-todo","tag-la-opinion"],"_links":{"self":[{"href":"https:\/\/contraluzcucuta.co\/index.php?rest_route=\/wp\/v2\/posts\/27391","targetHints":{"allow":["GET"]}}],"collection":[{"href":"https:\/\/contraluzcucuta.co\/index.php?rest_route=\/wp\/v2\/posts"}],"about":[{"href":"https:\/\/contraluzcucuta.co\/index.php?rest_route=\/wp\/v2\/types\/post"}],"author":[{"embeddable":true,"href":"https:\/\/contraluzcucuta.co\/index.php?rest_route=\/wp\/v2\/users\/1"}],"replies":[{"embeddable":true,"href":"https:\/\/contraluzcucuta.co\/index.php?rest_route=%2Fwp%2Fv2%2Fcomments&post=27391"}],"version-history":[{"count":1,"href":"https:\/\/contraluzcucuta.co\/index.php?rest_route=\/wp\/v2\/posts\/27391\/revisions"}],"predecessor-version":[{"id":27393,"href":"https:\/\/contraluzcucuta.co\/index.php?rest_route=\/wp\/v2\/posts\/27391\/revisions\/27393"}],"wp:featuredmedia":[{"embeddable":true,"href":"https:\/\/contraluzcucuta.co\/index.php?rest_route=\/wp\/v2\/media\/27392"}],"wp:attachment":[{"href":"https:\/\/contraluzcucuta.co\/index.php?rest_route=%2Fwp%2Fv2%2Fmedia&parent=27391"}],"wp:term":[{"taxonomy":"category","embeddable":true,"href":"https:\/\/contraluzcucuta.co\/index.php?rest_route=%2Fwp%2Fv2%2Fcategories&post=27391"},{"taxonomy":"post_tag","embeddable":true,"href":"https:\/\/contraluzcucuta.co\/index.php?rest_route=%2Fwp%2Fv2%2Ftags&post=27391"}],"curies":[{"name":"wp","href":"https:\/\/api.w.org\/{rel}","templated":true}]}}