{"id":27362,"date":"2016-06-29T19:19:45","date_gmt":"2016-06-30T00:19:45","guid":{"rendered":"http:\/\/contraluzcucuta.co\/?p=27362"},"modified":"2016-06-29T19:19:45","modified_gmt":"2016-06-30T00:19:45","slug":"rio-2016-jossimar-calvo-fue-un-susto-duro%e2%80%8f","status":"publish","type":"post","link":"https:\/\/contraluzcucuta.co\/?p=27362","title":{"rendered":"R\u00cdO 2016. Jossimar Calvo: \u201cfue un susto duro\u201d\u200f"},"content":{"rendered":"<p>El susto de su vida se lo llev\u00f3 Jossimar Calvo, en Estambul (Turqu\u00ed), por cuenta de los terroristas que se tomaron el aeropuerto de Ataturk, uno de los de mayor importancia\u00a0 en Europa. El gimnasta cucute\u00f1o y la delegaci\u00f3n colombiana viajaban para Adana (Portugal) para continuar la preparaci\u00f3n con miras a los Juegos Ol\u00edmpicos de R\u00edo de Janeiro 2016.<\/p>\n<p>Adem\u00e1s de Calvo, en el aer\u00f3dromo tambi\u00e9n estaban el t\u00e9cnico Jairo Ruiz y Jos\u00e9 Arias. Los otros tres miembros del grupo hab\u00edan viajado minutos antes. En Colombia se vivieron momentos de incertidumbre por la suerte de los deportistas.<\/p>\n<p>En un video divulgado por la Federaci\u00f3n Colombiana de Gimnasia, Jairo Ruiz dio el parte de tranquilidad. \u201cNos encontramos bien de salud\u201d, dijo desde el hotel en el que se instalaron a la llegada a Portugal y se aprestaban a descansar.<\/p>\n<p>Jossimar Calvo, seg\u00fan comunicado de la Federaci\u00f3n, narr\u00f3 los momentos del atentado. \u201cEst\u00e1bamos en el aeropuerto, en la sala de espera, cuando son\u00f3 la explosi\u00f3n\u201d. Momentos despu\u00e9s les cancelaron el vuelo y cerraron el aeropuerto. \u201cNo sab\u00edamos para d\u00f3nde coger. Fueron momentos de incertidumbre\u201d. A las 6:00 de la ma\u00f1ana, les solucionaron el viaje a Adana. El vuelo dur\u00f3 hora y media.<\/p>\n<p>En el mensaje directo a su mam\u00e1 Nora Moreno le pidi\u00f3 que est\u00e9 tranquila. \u201cEstoy bien, no me pas\u00f3 nada. Todos estamos bien. Lo que queda es dejar ese episodio atr\u00e1s y concentrarse en lo que va a ser la Copa del Mundo\u201d<\/p>\n<p>La gira de preparaci\u00f3n para los Juegos Ol\u00edmpicos seguir\u00e1 en Anadia. El principal objetivo es clasificar a varias finales para consolidar el nivel de exigencia y competencia con la mente puesta \u00a0en R\u00edo 2016.<\/p>\n<p>La segunda etapa de preparaci\u00f3n del cucute\u00f1o se cumple por estos d\u00edas en Europa. Tal como sucedi\u00f3 durante la primera fase en Brasil, la presentaci\u00f3n en el viejo continente ha dejado un balance positivo en la puesta a punto para los Juegos Ol\u00edmpicos.<\/p>\n<p>El deportista suma nivel y ritmo de competencia con varios de los mejores gimnastas del mundo.<\/p>\n<p>En el plan de preparaci\u00f3n est\u00e1 sacar el m\u00e1ximo provecho con la medici\u00f3n ante los rivales, pues el trabajo complementario y de perfeccionamiento seguir\u00e1 con la concentraci\u00f3n \u00a0que se ha proyectado para Cuba. Habr\u00e1 un corto paso por Colombia, antes de la m\u00e1xima cita del deporte.<\/p>\n<p>La disciplina y la entrega han sido el motor en la carrera del atleta cucute\u00f1o. Inici\u00f3 a los 5 a\u00f1os, cuando su mam\u00e1 Nohora Moreno lo inscribi\u00f3 en un curso vacacional. Ahora, a punto de cumplir 22 a\u00f1os (22 de julio), es el mejor gimnasta en la historia de Colombia, y uno de los deportistas de mayor proyecci\u00f3n en los a\u00f1os que vienen.<\/p>\n<p>Algunos de los n\u00fameros de Jossimar Calvo son los siguientes:<\/p>\n<p>1.- Cinco finales en Copa Mundo de Gimnasia, en 2016. En Sao Paulo disput\u00f3 la presea de oro en suelo, barras paralelas y barra fija.<\/p>\n<p>2.- Suma, en 2016, tres medallas en Copas Mundo de Gimnasia. En Brasil gan\u00f3 oro en barras paralelas.<\/p>\n<p>3.- Las paralelas son el aparato en el que m\u00e1s medallas ha ganado en Copas Mundo: 9 (5 de oro y 4 de plata).<\/p>\n<p>4.- Es la tercera medalla de oro en barra fija en Copas Mundo de Gimnasia. Ocup\u00f3 el primer lugar en Ljubljana (Esolvenia \u2013 2013) e Inchenon (Corea del Sur \u2013 2014).<\/p>\n<p><strong>Foto: Federaci\u00f3n Colombiana de Gimnasia <\/strong><\/p>\n<p>&nbsp; <\/p>\n","protected":false},"excerpt":{"rendered":"<p>El susto de su vida se lo llev\u00f3 Jossimar Calvo, en Estambul (Turqu\u00ed), por cuenta de los terroristas que se tomaron el aeropuerto de Ataturk, uno de los de mayor importancia\u00a0 en Europa. El gimnasta cucute\u00f1o y la delegaci\u00f3n colombiana viajaban para Adana (Portugal) para continuar la preparaci\u00f3n con miras a los Juegos Ol\u00edmpicos de &hellip;<\/p>\n","protected":false},"author":1,"featured_media":27363,"comment_status":"open","ping_status":"open","sticky":false,"template":"","format":"standard","meta":{"footnotes":""},"categories":[4,28],"tags":[2148,639,2132],"class_list":["post-27362","post","type-post","status-publish","format-standard","has-post-thumbnail","hentry","category-barra","category-vistazo-deportivo","tag-federacion-colombiana-de-gimnasia","tag-jossimar-calvo","tag-liga-de-gimnasia-de-norte-de-santander"],"_links":{"self":[{"href":"https:\/\/contraluzcucuta.co\/index.php?rest_route=\/wp\/v2\/posts\/27362","targetHints":{"allow":["GET"]}}],"collection":[{"href":"https:\/\/contraluzcucuta.co\/index.php?rest_route=\/wp\/v2\/posts"}],"about":[{"href":"https:\/\/contraluzcucuta.co\/index.php?rest_route=\/wp\/v2\/types\/post"}],"author":[{"embeddable":true,"href":"https:\/\/contraluzcucuta.co\/index.php?rest_route=\/wp\/v2\/users\/1"}],"replies":[{"embeddable":true,"href":"https:\/\/contraluzcucuta.co\/index.php?rest_route=%2Fwp%2Fv2%2Fcomments&post=27362"}],"version-history":[{"count":1,"href":"https:\/\/contraluzcucuta.co\/index.php?rest_route=\/wp\/v2\/posts\/27362\/revisions"}],"predecessor-version":[{"id":27364,"href":"https:\/\/contraluzcucuta.co\/index.php?rest_route=\/wp\/v2\/posts\/27362\/revisions\/27364"}],"wp:featuredmedia":[{"embeddable":true,"href":"https:\/\/contraluzcucuta.co\/index.php?rest_route=\/wp\/v2\/media\/27363"}],"wp:attachment":[{"href":"https:\/\/contraluzcucuta.co\/index.php?rest_route=%2Fwp%2Fv2%2Fmedia&parent=27362"}],"wp:term":[{"taxonomy":"category","embeddable":true,"href":"https:\/\/contraluzcucuta.co\/index.php?rest_route=%2Fwp%2Fv2%2Fcategories&post=27362"},{"taxonomy":"post_tag","embeddable":true,"href":"https:\/\/contraluzcucuta.co\/index.php?rest_route=%2Fwp%2Fv2%2Ftags&post=27362"}],"curies":[{"name":"wp","href":"https:\/\/api.w.org\/{rel}","templated":true}]}}