{"id":27358,"date":"2016-06-29T18:16:11","date_gmt":"2016-06-29T23:16:11","guid":{"rendered":"http:\/\/contraluzcucuta.co\/?p=27358"},"modified":"2016-06-29T21:33:56","modified_gmt":"2016-06-30T02:33:56","slug":"comunidad-gobierno-40-calles-listas-para-inaugurar-en-cucuta","status":"publish","type":"post","link":"https:\/\/contraluzcucuta.co\/?p=27358","title":{"rendered":"COMUNIDAD \u2013 GOBIERNO. 40 calles listas para inaugurar, en C\u00facuta"},"content":{"rendered":"<p><strong>C\u00daCUTA.-<\/strong> El programa Comunidad- Gobierno, luego de dos meses de la puesta en marcha, \u00a0cuenta con 255 frentes de trabajo. En los pr\u00f3ximos d\u00edas se inaugurar\u00e1n 40 calles de C\u00facuta. A las v\u00edas intervenidas se les hace la evaluaci\u00f3n previa para saber si cuentan con acueducto, alcantarillado y el diagn\u00f3stico sobre el estado en el que est\u00e1n.<\/p>\n<p>\u201cNo hay una intervenci\u00f3n de pavimento sin que se hayan hecho las reparaciones en el acueducto y alcantarillado. Eso nos ha retrasado en el avance\u201d, dijo el alcalde C\u00e9sar Rojas. Faltan casi 500 calles para cumplir la meta de 800 reparadas durante el 2016.<\/p>\n<p>La Secretar\u00eda de Infraestructura a diario recibe las solicitudes de pavimentaci\u00f3n. Los ingenieros miden y cuantifican la cantidad de suministros que requiere cada calle. En trabajo conjunto con Aguas Kpital se revisan las redes de acueducto y alcantarillado para evitar la p\u00e9rdida de suministros.<\/p>\n<p>El alcalde supervisa los avances de las obras en los barrios de la ciudad.<\/p>\n<p><strong>REAJUSTE DE LA MOVILIDAD<\/strong><\/p>\n<p>La Secretar\u00eda de Tr\u00e1nsito Municipal ha decidido reajustar la circulaci\u00f3n automotor en ciertas calles y avenidas de la ciudad. La intenci\u00f3n es\u00a0 mejorar el tr\u00e1fico en los horarios de mayor congesti\u00f3n. Algunas de las v\u00edas que han cambiado el sentido son las siguientes:<\/p>\n<p>1.- Calle 21 entre Avenidas 0 y 0A. Cambi\u00f3 de sentido (sur-oriente). Carros y motos que circulen por la avenida 0 antes de llegar al puente de la Cero pueden cruzar hacia la derecha por la calle 21 para dirigirse a la avenida 0A. Se evitar\u00e1 el alto flujo veh\u00edcular que hac\u00edan constantemente al ingresar al puente.<\/p>\n<p>2.- Avenida Gran Colombia. Se eliminaron los cruces a la izquierda. Autom\u00f3viles y motocicletas que transitan del oriente (Avenida Los Libertadores), al llegar al sem\u00e1foro de la Avenida 9E no pueden girar a la izquierda, barrio La Riviera.<\/p>\n<p>Los veh\u00edculos que circulan en sentido norte-oriente (desde la Diagonal Santander), al parar en el sem\u00e1foro de la Avenida 6E (200 metros del Palacio de Justicia), solo pueden seguir derecho o cruzar a la derecha. El giro hacia la izquierda queda eliminado para llegar a la zona de Quinta Oriental y Ceiba 2.<\/p>\n<p>El objetivo es que haya fluidez en la Avenida Gran Colombia. Los cruces a la izquierda de la 6E y 9E causaban inconvenientes todos los d\u00edas, y fueron eliminados.<\/p>\n<p>3.- Avenida 3E. El ajuste en sentido norte-sur, en el barrio Caobos, y el \u2018Pare\u2019 en la calle 15, es el inicio de los cambios en diferentes sitios de la capital nortesantandereana. El fin es mejor la circulaci\u00f3n \u00a0en las v\u00edas principales de la ciudad.<\/p>\n<p><strong>Foto: <\/strong><a href=\"http:\/\/www.contraluzcucuta.co\"><strong>www.contraluzcucuta.co<\/strong><\/a><\/p>\n<p>&nbsp; <\/p>\n","protected":false},"excerpt":{"rendered":"<p>C\u00daCUTA.- El programa Comunidad- Gobierno, luego de dos meses de la puesta en marcha, \u00a0cuenta con 255 frentes de trabajo. En los pr\u00f3ximos d\u00edas se inaugurar\u00e1n 40 calles de C\u00facuta. A las v\u00edas intervenidas se les hace la evaluaci\u00f3n previa para saber si cuentan con acueducto, alcantarillado y el diagn\u00f3stico sobre el estado en el &hellip;<\/p>\n","protected":false},"author":1,"featured_media":27360,"comment_status":"open","ping_status":"open","sticky":false,"template":"","format":"standard","meta":{"footnotes":""},"categories":[2625],"tags":[226,2626,2924],"class_list":["post-27358","post","type-post","status-publish","format-standard","has-post-thumbnail","hentry","category-alcaldia-de-cucuta","tag-alcaldia-de-cucuta","tag-cesar-rojas-alcalde","tag-programa-comunidad-gobierno"],"_links":{"self":[{"href":"https:\/\/contraluzcucuta.co\/index.php?rest_route=\/wp\/v2\/posts\/27358","targetHints":{"allow":["GET"]}}],"collection":[{"href":"https:\/\/contraluzcucuta.co\/index.php?rest_route=\/wp\/v2\/posts"}],"about":[{"href":"https:\/\/contraluzcucuta.co\/index.php?rest_route=\/wp\/v2\/types\/post"}],"author":[{"embeddable":true,"href":"https:\/\/contraluzcucuta.co\/index.php?rest_route=\/wp\/v2\/users\/1"}],"replies":[{"embeddable":true,"href":"https:\/\/contraluzcucuta.co\/index.php?rest_route=%2Fwp%2Fv2%2Fcomments&post=27358"}],"version-history":[{"count":1,"href":"https:\/\/contraluzcucuta.co\/index.php?rest_route=\/wp\/v2\/posts\/27358\/revisions"}],"predecessor-version":[{"id":27361,"href":"https:\/\/contraluzcucuta.co\/index.php?rest_route=\/wp\/v2\/posts\/27358\/revisions\/27361"}],"wp:featuredmedia":[{"embeddable":true,"href":"https:\/\/contraluzcucuta.co\/index.php?rest_route=\/wp\/v2\/media\/27360"}],"wp:attachment":[{"href":"https:\/\/contraluzcucuta.co\/index.php?rest_route=%2Fwp%2Fv2%2Fmedia&parent=27358"}],"wp:term":[{"taxonomy":"category","embeddable":true,"href":"https:\/\/contraluzcucuta.co\/index.php?rest_route=%2Fwp%2Fv2%2Fcategories&post=27358"},{"taxonomy":"post_tag","embeddable":true,"href":"https:\/\/contraluzcucuta.co\/index.php?rest_route=%2Fwp%2Fv2%2Ftags&post=27358"}],"curies":[{"name":"wp","href":"https:\/\/api.w.org\/{rel}","templated":true}]}}