{"id":27354,"date":"2016-06-29T17:52:40","date_gmt":"2016-06-29T22:52:40","guid":{"rendered":"http:\/\/contraluzcucuta.co\/?p=27354"},"modified":"2016-06-29T17:52:40","modified_gmt":"2016-06-29T22:52:40","slug":"notas-al-margen-necesitamos-una-urgente-atencion-binacional","status":"publish","type":"post","link":"https:\/\/contraluzcucuta.co\/?p=27354","title":{"rendered":"NOTAS AL MARGEN. Necesitamos una urgente atenci\u00f3n binacional"},"content":{"rendered":"<p>1.- Quienes por A, B o C razones hemos tenido alg\u00fan acercamiento, conocimiento y vinculaci\u00f3n con el complejo, cambiante y enmara\u00f1ado proceso\u00a0 de desarrollo que ha vivido la zona metropolitana de C\u00facuta y la abandonada y poco atendida\u00a0 faja fronteriza binacional, experimentamos un duro golpe cuando, transcurridos m\u00e1s de 200 d\u00edas, los gobiernos de Venezuela y Colombia en actos y actitudes que agravan la situaci\u00f3n \u2013 porque hasta se olvidan que social, econ\u00f3mica y pol\u00edticamente son hermanos y con opciones y perspectivas de amplia proyecci\u00f3n, como lo advierten y se\u00f1alan informes, estudios, propuestas e iniciativas de incuestionable importancia, as\u00ed como Cartas de Intenci\u00f3n, Acuerdos\u00a0 y hasta Tratados binacionales de gran prioridad, prefieren guardar silencio y no atender \u2013 como se necesita y urge &#8211; a la masa poblacional que ha quedado aislada y seriamente desvertebrada en miles de familias, postergando la adopci\u00f3n de verdaderas y transformantes pol\u00edticas de Estado, para que mediante incentivos, est\u00edmulos y mecanismos surjan los Parques Industriales y Tecnol\u00f3gicos, las Zonas Francas Especializadas y la Zona Aduanera, para impulsar las maquilas, la innovaci\u00f3n y el aprovechamiento de ventajas comparativas y servicios que se pueden implementar y poner en marcha, para crear fuentes de empleo y promover una realidad distinta y un mejor futuro.<\/p>\n<p>2.- \u00bfPor qu\u00e9 anotamos esto?\u00a0 Porque el cierre de la frontera y el desatino de mantener tal oprobio, en nada le sirve a Venezuela y tampoco a Colombia, porque si hay tropiezos y situaciones por resolver, mediante variaciones o cambios, lo elemental era constituir \u2013 con facultades- una Comisi\u00f3n Extraordinaria y Especial Fronteriza, como tantas veces se ha expuesto y solicitado por asociaciones y corporaciones privadas que captan, eval\u00faan y valoran la magnitud del desempleo, la informalidad, la disminuci\u00f3n del transporte, m\u00e1s la irrupci\u00f3n\u00a0 paralela de los avisos de \u2018Se arrienda\u2019, \u2018Se vende\u2019, que anuncian el decaimiento empresarial existente.<\/p>\n<p>3.- A la regi\u00f3n fronteriza colombo-venezolana le falta mayor presencia y vigor, porque estamos perdiendo hasta la noci\u00f3n de lo que es la bilateralidad integracionista, ante la pasividad de los que deber\u00edan actuar, el exagerado centralismo y la carencia de una gesti\u00f3n que convoque, estudie y promueva un aut\u00e9ntico programa compartido a lado y lado de la frontera com\u00fan o de la zona que se delimite para labores conjuntas y de alcance internacional, empezando, entre otras iniciativas con la creaci\u00f3n y el establecimiento del Banco Colombo-Venezolano, en el que participen los bancos Centrales de Venezuela y Colombia, el Banco Interamericano de Desarrollo (BID), la Corporaci\u00f3n Andina de Fomento (CAF) y los cambistas y empresarios, que quieran asociarse a esta entidad que fomentar\u00eda el desarrollo y el sustento, y la financiaci\u00f3n para prospectos mayores de convergencia y auxilio, para las dos naciones.<\/p>\n<p>Esto, y algo m\u00e1s, surg\u00eda espont\u00e1neamente en la sede del Consulado General de Venezuela, el 24 de junio, con ocasi\u00f3n de los 195 a\u00f1os de la Batalla de Carabobo y luego de constatar &#8211; sinceramente &#8211; que nos faltan solidaridad, presencia y labor en equipo, entre nosotros. Y, porque no saldremos del hueco y par\u00e1lisis en que estamos si no hay una postura y una actitud inteligentes regional y fronteriza, que congregue, ampl\u00ede\u00a0 y comprometa a los dos gobiernos y a\u00a0 su gente, en una visi\u00f3n de futuro, programada con fundamentos estructurales v\u00e1lidos y de significativa trascendencia, para aprovechar las ventajas comparativas existentes.<\/p>\n<p>Seguir sin hacer nada constituir\u00eda el mayor descalabro hist\u00f3rico e integracionista. Y, con graves\u00a0 implicaciones socioecon\u00f3micos y pol\u00edticas. Por eso, hay que pedir asistencia y ayuda binacional, con car\u00e1cter urgente y prioritario.<\/p>\n<p><strong>JOS\u00c9 NEIRA REY<\/strong><\/p>\n<p><a href=\"mailto:jneirarey@hotmail.com\">jneirarey@hotmail.com<\/a><\/p>\n<p><strong>Foto: correodeltachira.blogspot.com<\/strong><\/p>\n<p>&nbsp; <\/p>\n","protected":false},"excerpt":{"rendered":"<p>1.- Quienes por A, B o C razones hemos tenido alg\u00fan acercamiento, conocimiento y vinculaci\u00f3n con el complejo, cambiante y enmara\u00f1ado proceso\u00a0 de desarrollo que ha vivido la zona metropolitana de C\u00facuta y la abandonada y poco atendida\u00a0 faja fronteriza binacional, experimentamos un duro golpe cuando, transcurridos m\u00e1s de 200 d\u00edas, los gobiernos de Venezuela &hellip;<\/p>\n","protected":false},"author":1,"featured_media":27355,"comment_status":"open","ping_status":"open","sticky":false,"template":"","format":"standard","meta":{"footnotes":""},"categories":[14,4],"tags":[2483,578,382,956],"class_list":["post-27354","post","type-post","status-publish","format-standard","has-post-thumbnail","hentry","category-articulistas","category-barra","tag-crisis-en-la-frontera","tag-frontera-colombo-venezolana","tag-jose-neira","tag-notas-al-margen"],"_links":{"self":[{"href":"https:\/\/contraluzcucuta.co\/index.php?rest_route=\/wp\/v2\/posts\/27354","targetHints":{"allow":["GET"]}}],"collection":[{"href":"https:\/\/contraluzcucuta.co\/index.php?rest_route=\/wp\/v2\/posts"}],"about":[{"href":"https:\/\/contraluzcucuta.co\/index.php?rest_route=\/wp\/v2\/types\/post"}],"author":[{"embeddable":true,"href":"https:\/\/contraluzcucuta.co\/index.php?rest_route=\/wp\/v2\/users\/1"}],"replies":[{"embeddable":true,"href":"https:\/\/contraluzcucuta.co\/index.php?rest_route=%2Fwp%2Fv2%2Fcomments&post=27354"}],"version-history":[{"count":1,"href":"https:\/\/contraluzcucuta.co\/index.php?rest_route=\/wp\/v2\/posts\/27354\/revisions"}],"predecessor-version":[{"id":27356,"href":"https:\/\/contraluzcucuta.co\/index.php?rest_route=\/wp\/v2\/posts\/27354\/revisions\/27356"}],"wp:featuredmedia":[{"embeddable":true,"href":"https:\/\/contraluzcucuta.co\/index.php?rest_route=\/wp\/v2\/media\/27355"}],"wp:attachment":[{"href":"https:\/\/contraluzcucuta.co\/index.php?rest_route=%2Fwp%2Fv2%2Fmedia&parent=27354"}],"wp:term":[{"taxonomy":"category","embeddable":true,"href":"https:\/\/contraluzcucuta.co\/index.php?rest_route=%2Fwp%2Fv2%2Fcategories&post=27354"},{"taxonomy":"post_tag","embeddable":true,"href":"https:\/\/contraluzcucuta.co\/index.php?rest_route=%2Fwp%2Fv2%2Ftags&post=27354"}],"curies":[{"name":"wp","href":"https:\/\/api.w.org\/{rel}","templated":true}]}}