{"id":27351,"date":"2016-06-29T17:29:13","date_gmt":"2016-06-29T22:29:13","guid":{"rendered":"http:\/\/contraluzcucuta.co\/?p=27351"},"modified":"2016-06-29T17:29:13","modified_gmt":"2016-06-29T22:29:13","slug":"alianza-institucional-plan-integral-de-seguridad-vial","status":"publish","type":"post","link":"https:\/\/contraluzcucuta.co\/?p=27351","title":{"rendered":"ALIANZA INSTITUCIONAL. \u2018Plan integral de seguridad vial\u2019"},"content":{"rendered":"<p><strong>C\u00daCUTA.-<\/strong> Los 1044 casos de lesiones personales y los 53 homicidios, m\u00e1s el aumento considerable de los hechos en los que los ciudadanos resultan involucrados por el desconocimiento de las normas, llevaron a las autoridades de Tr\u00e1nsito a implementar el \u2018Plan Integral de Seguridad Vial\u2019.<\/p>\n<p>En las v\u00edas metropolitanas se llevar\u00e1n a cabo acciones institucionales encaminadas a reducir los riesgos de accidentalidad y a hacer cumplir las normas de Tr\u00e1nsito. La alianza estrat\u00e9gica de la Polic\u00eda Metropolitana con las alcald\u00edas de la zona de frontera pone en marcha el Plan.<\/p>\n<p>El despliegue operativo estar\u00e1 a cargo de agentes de la Seccional de Tr\u00e1nsito y Transporte (Setra) y de las secretar\u00edas de Tr\u00e1nsito de Villa del Rosario, Los Patios, El Zulia y C\u00facuta, con apoyo de la Secretar\u00eda de Tr\u00e1nsito Departamental.<\/p>\n<p>Las actividades de prevenci\u00f3n y control estar\u00e1n focalizadas, principalmente, a evitar accidentes de tr\u00e1nsito, teniendo en cuenta que en el \u00c1rea Metropolitana en lo corrido del a\u00f1o han ocurrido m\u00e1s de mil casos de lesiones personales.<\/p>\n<p>Los motociclistas son los m\u00e1s afectados por la accidentalidad vial, por lo que se requiere el fortalecimiento del trabajo interinstitucional de las autoridades de Tr\u00e1nsito en el \u00e1mbito preventivo y correctivo para vigilar el cumplimiento de la normatividad establecida y reducir la siniestralidad.<\/p>\n<p>Para el cumplimiento de este objetivo se pondr\u00e1n en marcha los siguientes planes integrales de seguridad vial:<\/p>\n<p>1.- La implementaci\u00f3n de puestos de control cerrando las principales v\u00edas de movilidad<\/p>\n<p>2.- La puesta en marcha de controles a veh\u00edculos, motocicletas y otros medios de movilidad<\/p>\n<p>3.- Desarrollar campa\u00f1as preventivas<\/p>\n<p>4.- Aplicar los correctivos necesarios a quienes infrinjan el C\u00f3digo Nacional de Tr\u00e1nsito.<\/p>\n<p>La puesta en marcha de estas acciones coordinadas entre las Secretar\u00edas de Tr\u00e1nsito y la Seccional de Tr\u00e1nsito y Trasporte (Setra), apoyadas por los uniformados del Modelo Nacional de Vigilancia Comunitaria por Cuadrantes de la Mecuc, busca fortalecer la cultura de la legalidad vial mediante el respeto de las normas y la cultura ciudadana.<\/p>\n<p>La comunidad est\u00e1 invitada a respetar las normas de Tr\u00e1nsito y a utilizar el servicio de transporte legalmente constituido que brinda las garant\u00edas necesarias a la hora de presentarse una emergencia o accidentes, y no usar el transporte informal de pasajeros prestado por veh\u00edculos particulares o mototaxistas o el servicio de taxi no autorizado conocido como \u2018colectivo\u2019.<\/p>\n<p><strong>Foto: PRENSA MECUC<\/strong><\/p>\n<p>&nbsp; <\/p>\n","protected":false},"excerpt":{"rendered":"<p>C\u00daCUTA.- Los 1044 casos de lesiones personales y los 53 homicidios, m\u00e1s el aumento considerable de los hechos en los que los ciudadanos resultan involucrados por el desconocimiento de las normas, llevaron a las autoridades de Tr\u00e1nsito a implementar el \u2018Plan Integral de Seguridad Vial\u2019. En las v\u00edas metropolitanas se llevar\u00e1n a cabo acciones institucionales &hellip;<\/p>\n","protected":false},"author":1,"featured_media":27352,"comment_status":"open","ping_status":"open","sticky":false,"template":"","format":"standard","meta":{"footnotes":""},"categories":[11,4],"tags":[3014,323,293],"class_list":["post-27351","post","type-post","status-publish","format-standard","has-post-thumbnail","hentry","category-cronica-roja","category-barra","tag-alianza-institucional","tag-mecuc","tag-policia-metropolitana-de-cucuta"],"_links":{"self":[{"href":"https:\/\/contraluzcucuta.co\/index.php?rest_route=\/wp\/v2\/posts\/27351","targetHints":{"allow":["GET"]}}],"collection":[{"href":"https:\/\/contraluzcucuta.co\/index.php?rest_route=\/wp\/v2\/posts"}],"about":[{"href":"https:\/\/contraluzcucuta.co\/index.php?rest_route=\/wp\/v2\/types\/post"}],"author":[{"embeddable":true,"href":"https:\/\/contraluzcucuta.co\/index.php?rest_route=\/wp\/v2\/users\/1"}],"replies":[{"embeddable":true,"href":"https:\/\/contraluzcucuta.co\/index.php?rest_route=%2Fwp%2Fv2%2Fcomments&post=27351"}],"version-history":[{"count":1,"href":"https:\/\/contraluzcucuta.co\/index.php?rest_route=\/wp\/v2\/posts\/27351\/revisions"}],"predecessor-version":[{"id":27353,"href":"https:\/\/contraluzcucuta.co\/index.php?rest_route=\/wp\/v2\/posts\/27351\/revisions\/27353"}],"wp:featuredmedia":[{"embeddable":true,"href":"https:\/\/contraluzcucuta.co\/index.php?rest_route=\/wp\/v2\/media\/27352"}],"wp:attachment":[{"href":"https:\/\/contraluzcucuta.co\/index.php?rest_route=%2Fwp%2Fv2%2Fmedia&parent=27351"}],"wp:term":[{"taxonomy":"category","embeddable":true,"href":"https:\/\/contraluzcucuta.co\/index.php?rest_route=%2Fwp%2Fv2%2Fcategories&post=27351"},{"taxonomy":"post_tag","embeddable":true,"href":"https:\/\/contraluzcucuta.co\/index.php?rest_route=%2Fwp%2Fv2%2Ftags&post=27351"}],"curies":[{"name":"wp","href":"https:\/\/api.w.org\/{rel}","templated":true}]}}