{"id":27337,"date":"2016-06-27T20:21:43","date_gmt":"2016-06-28T01:21:43","guid":{"rendered":"http:\/\/contraluzcucuta.co\/?p=27337"},"modified":"2016-06-27T20:21:43","modified_gmt":"2016-06-28T01:21:43","slug":"parque-lineal-vamos-recuperar-este-pulmon-de-la-ciudad","status":"publish","type":"post","link":"https:\/\/contraluzcucuta.co\/?p=27337","title":{"rendered":"PARQUE LINEAL. \u201cVamos a recuperar este pulm\u00f3n de la ciudad\u201d"},"content":{"rendered":"<p><strong>C\u00daCUTA.-<\/strong> El Parque Lineal, otrora complejo del mercado La Sexta y espacios complementarios, naci\u00f3 con la idea de despejar el sector c\u00e9ntrico de C\u00facuta y dar mayor fluidez a la circulaci\u00f3n vehicular. Sin embargo, con el tiempo se convirti\u00f3 en guarida de habitantes de calle y en lugar de dif\u00edcil acceso para los cucute\u00f1os.<\/p>\n<p>Del proyecto inicial solo qued\u00f3 el recuerdo, porque los indigentes se tomaron el sitio y lo convirtieron en su h\u00e1bitat diario. Ah\u00ed solo se ve miseria y la inmundicia campea por el desorden de los asiduos residentes.<\/p>\n<p>Luego, en un segundo aire para el parque, se pens\u00f3 que podr\u00eda albergar a los vendedores ambulantes. El programa buscaba recuperarlas v\u00edas y los andenes para transe\u00fantes y conductores. El plan tambi\u00e9n fall\u00f3 y los copantes de hecho no abandonaron el que por muchos a\u00f1os hab\u00eda sido la plaza de mercado tradicional de la capital de Norte de Santander.<\/p>\n<p>Ahora, viene una tercera oportunidad. El acalde C\u00e9sar Rojas tiene el prop\u00f3sito de darles vida a los sitios abandonados. El trabajo de recuperaci\u00f3n y de embellecimientos llega al Parque Lineal, luego de no haber tenido la atenci\u00f3n requerida por las administraciones.<\/p>\n<p>El objetivo es \u201crecuperar este pulm\u00f3n de la ciudad\u201d, dijo el gobernante local. La intenci\u00f3n es reubicar a los vendedores para que desarrollen su actividad en un lugar propicio y bajo unas directrices trazadas por la Secretar\u00eda de Gobierno.<\/p>\n<p>La intenci\u00f3n es recuperar la zona y proyectar la construcci\u00f3n de locales comerciales, que ser\u00e1n puestos a disposici\u00f3n de los comerciantes callejeros, que en el desarrollo de la actividad obstruyen la v\u00eda.<\/p>\n<p>\u201cTodos debemos contribuir a embellecer y a organizar nuestra ciudad, porque C\u00facuta se lo merece\u201d, anot\u00f3 el alcalde durante el recorrido, en el que estuvo acompa\u00f1ado por los secretarios de Planeaci\u00f3n, Seguridad Ciudadana, Infraestructura y Gobierno. Cada dependencia asumir\u00e1 la responsabilidad que le compete y\u00a0 de manera conjunta alcanzar\u00e1n el objetivo de embellecer esa zona de la ciudad.<\/p>\n<p>Tambi\u00e9n, visitaron El Tri\u00e1ngulo, donde se quiere embellecer con la construcci\u00f3n de un parque, y se pueda generar empleo y recreaci\u00f3n para la ciudadan\u00eda.<\/p>\n<p><strong>Foto: PRENSA ALCALD\u00cdA<\/strong> <\/p>\n","protected":false},"excerpt":{"rendered":"<p>C\u00daCUTA.- El Parque Lineal, otrora complejo del mercado La Sexta y espacios complementarios, naci\u00f3 con la idea de despejar el sector c\u00e9ntrico de C\u00facuta y dar mayor fluidez a la circulaci\u00f3n vehicular. Sin embargo, con el tiempo se convirti\u00f3 en guarida de habitantes de calle y en lugar de dif\u00edcil acceso para los cucute\u00f1os. Del &hellip;<\/p>\n","protected":false},"author":1,"featured_media":27338,"comment_status":"open","ping_status":"open","sticky":false,"template":"","format":"standard","meta":{"footnotes":""},"categories":[2625,4],"tags":[2733,226,2385],"class_list":["post-27337","post","type-post","status-publish","format-standard","has-post-thumbnail","hentry","category-alcaldia-de-cucuta","category-barra","tag-alcalde-cesar-rojas","tag-alcaldia-de-cucuta","tag-parque-lineal-de-cucuta"],"_links":{"self":[{"href":"https:\/\/contraluzcucuta.co\/index.php?rest_route=\/wp\/v2\/posts\/27337","targetHints":{"allow":["GET"]}}],"collection":[{"href":"https:\/\/contraluzcucuta.co\/index.php?rest_route=\/wp\/v2\/posts"}],"about":[{"href":"https:\/\/contraluzcucuta.co\/index.php?rest_route=\/wp\/v2\/types\/post"}],"author":[{"embeddable":true,"href":"https:\/\/contraluzcucuta.co\/index.php?rest_route=\/wp\/v2\/users\/1"}],"replies":[{"embeddable":true,"href":"https:\/\/contraluzcucuta.co\/index.php?rest_route=%2Fwp%2Fv2%2Fcomments&post=27337"}],"version-history":[{"count":1,"href":"https:\/\/contraluzcucuta.co\/index.php?rest_route=\/wp\/v2\/posts\/27337\/revisions"}],"predecessor-version":[{"id":27339,"href":"https:\/\/contraluzcucuta.co\/index.php?rest_route=\/wp\/v2\/posts\/27337\/revisions\/27339"}],"wp:featuredmedia":[{"embeddable":true,"href":"https:\/\/contraluzcucuta.co\/index.php?rest_route=\/wp\/v2\/media\/27338"}],"wp:attachment":[{"href":"https:\/\/contraluzcucuta.co\/index.php?rest_route=%2Fwp%2Fv2%2Fmedia&parent=27337"}],"wp:term":[{"taxonomy":"category","embeddable":true,"href":"https:\/\/contraluzcucuta.co\/index.php?rest_route=%2Fwp%2Fv2%2Fcategories&post=27337"},{"taxonomy":"post_tag","embeddable":true,"href":"https:\/\/contraluzcucuta.co\/index.php?rest_route=%2Fwp%2Fv2%2Ftags&post=27337"}],"curies":[{"name":"wp","href":"https:\/\/api.w.org\/{rel}","templated":true}]}}