{"id":27322,"date":"2016-06-25T12:15:30","date_gmt":"2016-06-25T17:15:30","guid":{"rendered":"http:\/\/contraluzcucuta.co\/?p=27322"},"modified":"2016-06-25T12:15:30","modified_gmt":"2016-06-25T17:15:30","slug":"anuncio-oficial-cucuta-tendria-museo-del-deporte-en-el-general-santander","status":"publish","type":"post","link":"https:\/\/contraluzcucuta.co\/?p=27322","title":{"rendered":"ANUNCIO OFICIAL. C\u00facuta tendr\u00eda Museo del Deporte, en el General Santander"},"content":{"rendered":"<p><strong>C\u00daCUTA.-<\/strong> La ciudad tendr\u00eda un museo del deporte local y regional, que se construir\u00eda en el estadio General Santander. As\u00ed lo dio a conocer el alcalde C\u00e9sar Rosar, al analizar la necesidad que tiene C\u00facuta de contar con ese espacio que contenga la historia deportiva.<\/p>\n<p>C\u00facuta y Norte de Santander, a lo largo de los a\u00f1os, han visto nacer y crecer a j\u00f3venes que se han convertido en figuras en las distintas disciplinas. En los \u00faltimos a\u00f1os han destacado los gimnastas y en los ol\u00edmpicos de R\u00edo 2016, Jossimar Clavo portar\u00e1 la bandera rojinegra y la elevar\u00e1 al punto m\u00e1ximo.<\/p>\n<p>En f\u00fatbol han destacado Rolando Serrano y Germ\u00e1n Gonz\u00e1lez, miembros de selecci\u00f3n Colombia en un Mundial y en unos Ol\u00edmpicos. En ciclismo descoll\u00f3 \u00c1lvaro Lozano; en nataci\u00f3n, Javier Blanco; en atletismo, Arelis Qui\u00f1ones, y en muchas otras especialidades del deporte.<\/p>\n<p>La construcci\u00f3n del museo es una necesidad inaplazable para que la capital de Norte de Santander se ponga a la altura de otras ciudades colombianas.<\/p>\n<p>Luego de la visita al General Santander, el alcalde Rojas se traslad\u00f3 a los siguientes barrios para hablar sobre escenarios deportivos:<\/p>\n<p>1.- Pizarro (parte alta). Socializ\u00f3 con la comunidad el proyecto de construcci\u00f3n de la cancha multifuncional de baloncesto y microf\u00fatbol, con grader\u00eda y bater\u00eda sanitaria.<\/p>\n<p>2.- Cerro Norte. Dialog\u00f3 con los vecinos \u00a0sobre la adecuaci\u00f3n de la cancha \u2018La Amistad\u2019, que impulsar\u00e1 el deporte y la recreaci\u00f3n.<\/p>\n<p>3.- El Progreso. Anuncio \u00a0la remodelaci\u00f3n y el acondicionamiento de la cancha para darle mejor imagen al sector y tener un escenario digno donde puedan desarrollar sus actividades deportivas.<\/p>\n<p>4.- Las Margaritas. El escenario deportivo ser\u00e1 adecuado para que los habitantes gocen del esparcimiento y la recreaci\u00f3n.<\/p>\n<p>5.- Do\u00f1a Nidia (parte baja). Recuperaci\u00f3n de la cancha y mejoramiento del sector.<\/p>\n<p>6.- Niza. Socializ\u00f3 la construcci\u00f3n del complejo deportivo y el embellecimiento de los alrededores.<\/p>\n<p><strong>Foto: PRENSA ALCALD\u00cdA<\/strong><\/p>\n<p>&nbsp;<\/p>\n<p>&nbsp;<\/p>\n<p>&nbsp;<\/p>\n<p>&nbsp;<\/p>\n<p>&nbsp;<\/p>\n<p>&nbsp;<\/p>\n<p>&nbsp;<\/p>\n<p><strong>\u00a0<\/strong><\/p>\n<p><strong>\u00a0<\/strong> <\/p>\n","protected":false},"excerpt":{"rendered":"<p>C\u00daCUTA.- La ciudad tendr\u00eda un museo del deporte local y regional, que se construir\u00eda en el estadio General Santander. As\u00ed lo dio a conocer el alcalde C\u00e9sar Rosar, al analizar la necesidad que tiene C\u00facuta de contar con ese espacio que contenga la historia deportiva. C\u00facuta y Norte de Santander, a lo largo de los &hellip;<\/p>\n","protected":false},"author":1,"featured_media":27323,"comment_status":"open","ping_status":"open","sticky":false,"template":"","format":"standard","meta":{"footnotes":""},"categories":[28],"tags":[2733,1166,3003],"class_list":["post-27322","post","type-post","status-publish","format-standard","has-post-thumbnail","hentry","category-vistazo-deportivo","tag-alcalde-cesar-rojas","tag-estadio-general-santander","tag-museo-del-deporte"],"_links":{"self":[{"href":"https:\/\/contraluzcucuta.co\/index.php?rest_route=\/wp\/v2\/posts\/27322","targetHints":{"allow":["GET"]}}],"collection":[{"href":"https:\/\/contraluzcucuta.co\/index.php?rest_route=\/wp\/v2\/posts"}],"about":[{"href":"https:\/\/contraluzcucuta.co\/index.php?rest_route=\/wp\/v2\/types\/post"}],"author":[{"embeddable":true,"href":"https:\/\/contraluzcucuta.co\/index.php?rest_route=\/wp\/v2\/users\/1"}],"replies":[{"embeddable":true,"href":"https:\/\/contraluzcucuta.co\/index.php?rest_route=%2Fwp%2Fv2%2Fcomments&post=27322"}],"version-history":[{"count":1,"href":"https:\/\/contraluzcucuta.co\/index.php?rest_route=\/wp\/v2\/posts\/27322\/revisions"}],"predecessor-version":[{"id":27324,"href":"https:\/\/contraluzcucuta.co\/index.php?rest_route=\/wp\/v2\/posts\/27322\/revisions\/27324"}],"wp:featuredmedia":[{"embeddable":true,"href":"https:\/\/contraluzcucuta.co\/index.php?rest_route=\/wp\/v2\/media\/27323"}],"wp:attachment":[{"href":"https:\/\/contraluzcucuta.co\/index.php?rest_route=%2Fwp%2Fv2%2Fmedia&parent=27322"}],"wp:term":[{"taxonomy":"category","embeddable":true,"href":"https:\/\/contraluzcucuta.co\/index.php?rest_route=%2Fwp%2Fv2%2Fcategories&post=27322"},{"taxonomy":"post_tag","embeddable":true,"href":"https:\/\/contraluzcucuta.co\/index.php?rest_route=%2Fwp%2Fv2%2Ftags&post=27322"}],"curies":[{"name":"wp","href":"https:\/\/api.w.org\/{rel}","templated":true}]}}