{"id":27303,"date":"2016-06-23T15:57:11","date_gmt":"2016-06-23T20:57:11","guid":{"rendered":"http:\/\/contraluzcucuta.co\/?p=27303"},"modified":"2016-06-23T15:57:11","modified_gmt":"2016-06-23T20:57:11","slug":"estudio-de-la-ufps-delimitan-areas-protegidas-en-el-rio-pamplonita","status":"publish","type":"post","link":"https:\/\/contraluzcucuta.co\/?p=27303","title":{"rendered":"ESTUDIO DE LA UFPS. Delimitan \u00e1reas protegidas en el r\u00edo Pamplonita"},"content":{"rendered":"<p><strong>C\u00daCUTA.-<\/strong> La Universidad Francisco de Paula Santander (UFPS) present\u00f3 los resultados del estudio especializado sobre el acotamiento de la ronda h\u00eddrica de las nacientes del r\u00edo Pamplonita. El an\u00e1lisis se centr\u00f3 en las quebradas Navarro, Monteadentro y El Rosal, y el paso del caudal por la zona urbana de Pamplona.<\/p>\n<p>El prop\u00f3sito ambiental de la academia es generar para la Gobernaci\u00f3n un insumo de planificaci\u00f3n territorial del departamento. El fin es delimitar las zonas que deben protegerse desde la parte alta del r\u00edo para la generaci\u00f3n de \u00e1reas estrat\u00e9gicas que pueden o no ser intervenidas por la mano del hombre.<\/p>\n<p>El trabajo consiste en un convenio que la UFPS hizo con la administraci\u00f3n departamental, por intermedio de la Secretar\u00eda de Vivienda y Medio Ambiente. Al final, se tendr\u00e1 un documento que servir\u00e1 para que la Alcald\u00eda de Pamplona tenga potestad de declarar \u00e1reas protegidas en el municipio.<\/p>\n<p>John Su\u00e1rez, decano de la Facultad de Ciencias Agrarias de la UFPS, explic\u00f3 que \u201cuno de los aportes m\u00e1s importantes es la planificaci\u00f3n territorial de Norte de Santander, pues no se ten\u00eda la aplicaci\u00f3n metodol\u00f3gica\u201d. El documento se le har\u00e1 llegar a Corponor para hacer ejercicios de gesti\u00f3n de las \u00e1reas protegidas.<\/p>\n<p>El estudio arroj\u00f3, entro otros, los siguientes detalles:<\/p>\n<p>1.- Un diagn\u00f3stico hidrol\u00f3gico y geomorfol\u00f3gico<\/p>\n<p>2.- El levantamiento de flora y fauna en la parte alta del r\u00edo Pamplonita<\/p>\n<p>3.- Se lograron im\u00e1genes satelitales y fotograf\u00edas para observar el cambio que ha tenido el suelo con la adquisici\u00f3n de predios y la deforestaci\u00f3n.<\/p>\n<p>Juan Carlos Uribe Sandoval, secretario de Vivienda, agreg\u00f3 que las conclusiones permiten conocer qu\u00e9 zonas aleda\u00f1as a los r\u00edos deben estar protegidas de acuerdo con ciertos grados de humedad que deben blindarse. Si all\u00ed se edificara alguna obra, tendr\u00eda riesgo de colapsar, de acuerdo con la estabilidad del suelo.<\/p>\n<p>\u201cEste estudio sirve para que cuando se vaya a hacer inversi\u00f3n econ\u00f3mica o se vayan a generar pol\u00edticas ambientales de la cuenca del r\u00edo Pamplonita, sepamos d\u00f3nde est\u00e1n las zonas de mayor y menor humedad\u201d.<\/p>\n<p>Adem\u00e1s, se podr\u00e1n determinar \u00e1reas estrat\u00e9gicas para inversi\u00f3n econ\u00f3mica.<\/p>\n<p><strong>Foto: PRENSA GOBERNACI\u00d3N<\/strong><\/p>\n<p>&nbsp;<\/p>\n<p>&nbsp; <\/p>\n","protected":false},"excerpt":{"rendered":"<p>C\u00daCUTA.- La Universidad Francisco de Paula Santander (UFPS) present\u00f3 los resultados del estudio especializado sobre el acotamiento de la ronda h\u00eddrica de las nacientes del r\u00edo Pamplonita. El an\u00e1lisis se centr\u00f3 en las quebradas Navarro, Monteadentro y El Rosal, y el paso del caudal por la zona urbana de Pamplona. El prop\u00f3sito ambiental de la &hellip;<\/p>\n","protected":false},"author":1,"featured_media":27304,"comment_status":"open","ping_status":"open","sticky":false,"template":"","format":"standard","meta":{"footnotes":""},"categories":[74,4],"tags":[2597,40,229],"class_list":["post-27303","post","type-post","status-publish","format-standard","has-post-thumbnail","hentry","category-aula-universitaria","category-barra","tag-aula-universitaria","tag-rio-pamplonita","tag-ufps"],"_links":{"self":[{"href":"https:\/\/contraluzcucuta.co\/index.php?rest_route=\/wp\/v2\/posts\/27303","targetHints":{"allow":["GET"]}}],"collection":[{"href":"https:\/\/contraluzcucuta.co\/index.php?rest_route=\/wp\/v2\/posts"}],"about":[{"href":"https:\/\/contraluzcucuta.co\/index.php?rest_route=\/wp\/v2\/types\/post"}],"author":[{"embeddable":true,"href":"https:\/\/contraluzcucuta.co\/index.php?rest_route=\/wp\/v2\/users\/1"}],"replies":[{"embeddable":true,"href":"https:\/\/contraluzcucuta.co\/index.php?rest_route=%2Fwp%2Fv2%2Fcomments&post=27303"}],"version-history":[{"count":1,"href":"https:\/\/contraluzcucuta.co\/index.php?rest_route=\/wp\/v2\/posts\/27303\/revisions"}],"predecessor-version":[{"id":27305,"href":"https:\/\/contraluzcucuta.co\/index.php?rest_route=\/wp\/v2\/posts\/27303\/revisions\/27305"}],"wp:featuredmedia":[{"embeddable":true,"href":"https:\/\/contraluzcucuta.co\/index.php?rest_route=\/wp\/v2\/media\/27304"}],"wp:attachment":[{"href":"https:\/\/contraluzcucuta.co\/index.php?rest_route=%2Fwp%2Fv2%2Fmedia&parent=27303"}],"wp:term":[{"taxonomy":"category","embeddable":true,"href":"https:\/\/contraluzcucuta.co\/index.php?rest_route=%2Fwp%2Fv2%2Fcategories&post=27303"},{"taxonomy":"post_tag","embeddable":true,"href":"https:\/\/contraluzcucuta.co\/index.php?rest_route=%2Fwp%2Fv2%2Ftags&post=27303"}],"curies":[{"name":"wp","href":"https:\/\/api.w.org\/{rel}","templated":true}]}}