{"id":27300,"date":"2016-06-23T15:35:42","date_gmt":"2016-06-23T20:35:42","guid":{"rendered":"http:\/\/contraluzcucuta.co\/?p=27300"},"modified":"2016-06-23T15:35:42","modified_gmt":"2016-06-23T20:35:42","slug":"moda-y-belleza-20-fundaciones-recibieron-64-millones","status":"publish","type":"post","link":"https:\/\/contraluzcucuta.co\/?p=27300","title":{"rendered":"MODA Y BELLEZA. 20 fundaciones recibieron $ 64 millones"},"content":{"rendered":"<p><strong>C\u00daCUTA.-<\/strong> Entre 20 fundaciones se repartieron los recursos obtenidos en la actividad \u2018Moda y Belleza con un Prop\u00f3sito\u2019. En el desfile participaron reinas de belleza, encabezadas por la se\u00f1orita Colombia, Andrea Tovar Vel\u00e1squez.<\/p>\n<p>La gestora social Cecilia Soler entreg\u00f3 $ 64 millones, correspondientes al 80 por ciento del producido. Las boletas para apreciar a las beldades colombianas costaban $ 30.000, $ 50.000 y $ 100.000.<\/p>\n<p>Los detalles sobre el recaudo se conocieron en la rendici\u00f3n de cuentas convocada por la Gobernaci\u00f3n de Norte de Santander. Las fundaciones beneficiadas podr\u00e1n cumplir con los objetivos para atender ni\u00f1os, j\u00f3venes, adolescentes y adultos mayores.<\/p>\n<p>La gestora social resalt\u00f3 el compromiso de los nortesantandereanos que creyeron en el desfile y con el apoyo permitieron recaudar la cifra. En la rendici\u00f3n de cuentas se inform\u00f3 acerca de cada peso que se destin\u00f3 para el desfile \u2018Moda y Belleza con un Prop\u00f3sito\u2019.<\/p>\n<p>Los dineros recolectados se distribuir\u00e1n de la siguiente manera:<\/p>\n<p>1.- Fundagla: $ 2,2 millones<\/p>\n<p>2.- Hogar Santa Rosa de Lima: $ 18\u2019120.000<\/p>\n<p>3.- Fundaci\u00f3n Pedalea Conmigo; $ 4,8 millones<\/p>\n<p>4.- Club Rotario C\u00facuta Ciudad de los Arboles: $ 2\u2019560.000<\/p>\n<p>5.- Fundaci\u00f3n Rosa Delia de Ch\u00e1vez: $ 320.000<\/p>\n<p>6.- Fundaci\u00f3n Colombia Tierra Feliz: $ 240.000<\/p>\n<p>7.- Fundaci\u00f3n Phane: $ 7\u2019824.000<\/p>\n<p>8.- Fundaci\u00f3n Hoasis: $ 6,0 millones<\/p>\n<p>9.- Corporaci\u00f3n Corprodinco: $ 6,0 millones<\/p>\n<p>10.- Asociaci\u00f3n Regional de Hogares Juveniles Campesinos: $ 3,2 millones<\/p>\n<p>11.- Fundaci\u00f3n Oasis para las Naciones: $ 3,6 millones<\/p>\n<p>12.- Fundaci\u00f3n Social Cristiana Nueva Vida: $ 2,4 millones<\/p>\n<p>13.- Provida: $ 1\u2019280.000<\/p>\n<p>14.- Asociaci\u00f3n Coraz\u00f3n Juvenil: $ 640.000<\/p>\n<p>15.- Fundaci\u00f3n Censurados: $ 1\u2019120.000<\/p>\n<p>16.- Fundaci\u00f3n Caminos del Ni\u00f1o: $ 880.000<\/p>\n<p>17.- Fundaci\u00f3n Solo Caritas: $ 240.000<\/p>\n<p>18.- Fundaci\u00f3n IPS Sue\u00f1os de Colores: $ 1\u2019280.000<\/p>\n<p>19.- Fundaci\u00f3n Pardini: $ 720.000<\/p>\n<p>20.- Fundaci\u00f3n Villa Diegos y sus Paticas: $ 240.000<\/p>\n<p><strong>Foto: PRENSA GOBERNACI\u00d3N<\/strong><\/p>\n<p>&nbsp; <\/p>\n","protected":false},"excerpt":{"rendered":"<p>C\u00daCUTA.- Entre 20 fundaciones se repartieron los recursos obtenidos en la actividad \u2018Moda y Belleza con un Prop\u00f3sito\u2019. En el desfile participaron reinas de belleza, encabezadas por la se\u00f1orita Colombia, Andrea Tovar Vel\u00e1squez. La gestora social Cecilia Soler entreg\u00f3 $ 64 millones, correspondientes al 80 por ciento del producido. Las boletas para apreciar a las &hellip;<\/p>\n","protected":false},"author":1,"featured_media":27301,"comment_status":"open","ping_status":"open","sticky":false,"template":"","format":"standard","meta":{"footnotes":""},"categories":[4,2630],"tags":[2715,379,2999,3000],"class_list":["post-27300","post","type-post","status-publish","format-standard","has-post-thumbnail","hentry","category-barra","category-gobernacion","tag-gestora-social-cecilia-soler","tag-gobernacion-de-norte-de-santander","tag-moda-con-un-proposito","tag-senorita-colombia"],"_links":{"self":[{"href":"https:\/\/contraluzcucuta.co\/index.php?rest_route=\/wp\/v2\/posts\/27300","targetHints":{"allow":["GET"]}}],"collection":[{"href":"https:\/\/contraluzcucuta.co\/index.php?rest_route=\/wp\/v2\/posts"}],"about":[{"href":"https:\/\/contraluzcucuta.co\/index.php?rest_route=\/wp\/v2\/types\/post"}],"author":[{"embeddable":true,"href":"https:\/\/contraluzcucuta.co\/index.php?rest_route=\/wp\/v2\/users\/1"}],"replies":[{"embeddable":true,"href":"https:\/\/contraluzcucuta.co\/index.php?rest_route=%2Fwp%2Fv2%2Fcomments&post=27300"}],"version-history":[{"count":1,"href":"https:\/\/contraluzcucuta.co\/index.php?rest_route=\/wp\/v2\/posts\/27300\/revisions"}],"predecessor-version":[{"id":27302,"href":"https:\/\/contraluzcucuta.co\/index.php?rest_route=\/wp\/v2\/posts\/27300\/revisions\/27302"}],"wp:featuredmedia":[{"embeddable":true,"href":"https:\/\/contraluzcucuta.co\/index.php?rest_route=\/wp\/v2\/media\/27301"}],"wp:attachment":[{"href":"https:\/\/contraluzcucuta.co\/index.php?rest_route=%2Fwp%2Fv2%2Fmedia&parent=27300"}],"wp:term":[{"taxonomy":"category","embeddable":true,"href":"https:\/\/contraluzcucuta.co\/index.php?rest_route=%2Fwp%2Fv2%2Fcategories&post=27300"},{"taxonomy":"post_tag","embeddable":true,"href":"https:\/\/contraluzcucuta.co\/index.php?rest_route=%2Fwp%2Fv2%2Ftags&post=27300"}],"curies":[{"name":"wp","href":"https:\/\/api.w.org\/{rel}","templated":true}]}}