{"id":27297,"date":"2016-06-23T15:08:38","date_gmt":"2016-06-23T20:08:38","guid":{"rendered":"http:\/\/contraluzcucuta.co\/?p=27297"},"modified":"2016-06-23T15:08:38","modified_gmt":"2016-06-23T20:08:38","slug":"plan-choque-ofensiva-contra-terminalitos-de-transporte-informal","status":"publish","type":"post","link":"https:\/\/contraluzcucuta.co\/?p=27297","title":{"rendered":"PLAN CHOQUE. Ofensiva contra \u2018terminalitos\u2019 de transporte informal"},"content":{"rendered":"<p><strong>C\u00daCUTA.-<\/strong> Agentes de la Seccional de Tr\u00e1nsito y Transporte (Setra) se tomar\u00e1n sitios priorizados del centro de C\u00facuta y rutas utilizadas con frecuencia por conductores de veh\u00edculos particulares, motociclistas y taxistas que ofrecen de manera ilegal el servicio de transporte colectivo.<\/p>\n<p>Se fortalecer\u00e1 la presencia institucional con la instalaci\u00f3n de puestos de control fijos y patrullajes de vigilancia. La ofensiva busca erradicar el funcionamiento de los \u2018terminalitos\u2019 situados en los alrededores de la Terminal de Transporte, las avenidas s\u00e9ptima y octava con calles sexta y octava. El \u2018Plan choque\u2019 controlar\u00e1 las rutas ilegales de pasajeros hacia otros municipios y diferentes sectores de C\u00facuta.<\/p>\n<p>El conductor que sea sorprendido prestando el servicio de transporte informal de pasajeros en veh\u00edculo particular, motocicleta o taxi colectivo ser\u00e1 sancionado. El comparendo equivaldr\u00e1 a un salario m\u00ednimo mensual legal y se inmovilizar\u00e1 el veh\u00edculo.<\/p>\n<p>Adem\u00e1s dell costo de la multa, de $ 687.000, el infractor asumir\u00e1 el pago del servicio de gr\u00faa y de parqueadero. Por la primera inmovilizaci\u00f3n el veh\u00edculo permanecer\u00e1 cinco d\u00edas en el estacionamiento. La reincidencia equivaldr\u00e1 a la inmovilizaci\u00f3n por 20 d\u00edas. En caso que sea sancionado por tercera vez, ser\u00e1 de 40 d\u00edas.<\/p>\n<p>En el primer semestre se impartieron 522 comparendos por transporte informal de pasajeros y 519 al transporte formal por no tener la tarjeta de operaciones y la documentaci\u00f3n legal establecida.<\/p>\n<p>En cumplimiento de la ofensiva contra la ilegalidad urbana y fronteriza se extiende el llamado a la comunidad en general para que a la hora de movilizarse por v\u00eda terrestre lo haga en veh\u00edculos de empresas legalmente constituidas, y no apoyar este servicio de transporte no autorizado.<\/p>\n<p>El usuario debe tener claro que cuando se toma el servicio de transporte autorizado se tiene una garant\u00eda integral, cuenta con las p\u00f3lizas y los seguros establecidos para asumir una emergencia, caso que no sucede con los transportadores ilegales de pasajeros.<\/p>\n<p><strong>Foto: PRENSA MECUC<\/strong><\/p>\n<p>&nbsp;<\/p>\n<p>&nbsp; <\/p>\n","protected":false},"excerpt":{"rendered":"<p>C\u00daCUTA.- Agentes de la Seccional de Tr\u00e1nsito y Transporte (Setra) se tomar\u00e1n sitios priorizados del centro de C\u00facuta y rutas utilizadas con frecuencia por conductores de veh\u00edculos particulares, motociclistas y taxistas que ofrecen de manera ilegal el servicio de transporte colectivo. Se fortalecer\u00e1 la presencia institucional con la instalaci\u00f3n de puestos de control fijos y &hellip;<\/p>\n","protected":false},"author":1,"featured_media":27298,"comment_status":"open","ping_status":"open","sticky":false,"template":"","format":"standard","meta":{"footnotes":""},"categories":[11,4],"tags":[1869,747,2998],"class_list":["post-27297","post","type-post","status-publish","format-standard","has-post-thumbnail","hentry","category-cronica-roja","category-barra","tag-setra","tag-terminal-de-trasportes-de-cucuta","tag-terminalitos-piratas"],"_links":{"self":[{"href":"https:\/\/contraluzcucuta.co\/index.php?rest_route=\/wp\/v2\/posts\/27297","targetHints":{"allow":["GET"]}}],"collection":[{"href":"https:\/\/contraluzcucuta.co\/index.php?rest_route=\/wp\/v2\/posts"}],"about":[{"href":"https:\/\/contraluzcucuta.co\/index.php?rest_route=\/wp\/v2\/types\/post"}],"author":[{"embeddable":true,"href":"https:\/\/contraluzcucuta.co\/index.php?rest_route=\/wp\/v2\/users\/1"}],"replies":[{"embeddable":true,"href":"https:\/\/contraluzcucuta.co\/index.php?rest_route=%2Fwp%2Fv2%2Fcomments&post=27297"}],"version-history":[{"count":1,"href":"https:\/\/contraluzcucuta.co\/index.php?rest_route=\/wp\/v2\/posts\/27297\/revisions"}],"predecessor-version":[{"id":27299,"href":"https:\/\/contraluzcucuta.co\/index.php?rest_route=\/wp\/v2\/posts\/27297\/revisions\/27299"}],"wp:featuredmedia":[{"embeddable":true,"href":"https:\/\/contraluzcucuta.co\/index.php?rest_route=\/wp\/v2\/media\/27298"}],"wp:attachment":[{"href":"https:\/\/contraluzcucuta.co\/index.php?rest_route=%2Fwp%2Fv2%2Fmedia&parent=27297"}],"wp:term":[{"taxonomy":"category","embeddable":true,"href":"https:\/\/contraluzcucuta.co\/index.php?rest_route=%2Fwp%2Fv2%2Fcategories&post=27297"},{"taxonomy":"post_tag","embeddable":true,"href":"https:\/\/contraluzcucuta.co\/index.php?rest_route=%2Fwp%2Fv2%2Ftags&post=27297"}],"curies":[{"name":"wp","href":"https:\/\/api.w.org\/{rel}","templated":true}]}}