{"id":27277,"date":"2016-06-21T16:19:06","date_gmt":"2016-06-21T21:19:06","guid":{"rendered":"http:\/\/contraluzcucuta.co\/?p=27277"},"modified":"2016-06-21T16:19:06","modified_gmt":"2016-06-21T21:19:06","slug":"rio-2016-jossimar-calvo-continua-preparacion-en-portugal-y-turquia","status":"publish","type":"post","link":"https:\/\/contraluzcucuta.co\/?p=27277","title":{"rendered":"R\u00cdO 2016. Jossimar Calvo contin\u00faa preparaci\u00f3n en Portugal y Turqu\u00eda."},"content":{"rendered":"<p>El cucute\u00f1o Jossimar Calvo Moreno lleg\u00f3 a Portugal, en compa\u00f1\u00eda del equipo de Colombia para R\u00edo 2016, para participar en la Copa del Mundo. La competencia servir\u00e1 como preparaci\u00f3n para los Ol\u00edmpicos, en agosto, en Brasil. En Anadia actuar\u00e1, del 23 al 26 de junio, para buscar la mejor preparaci\u00f3n en la \u00faltima fase de entrenamientos.<\/p>\n<p>Luego, viajar\u00e1 a Mersin (Turqu\u00eda) y del 1 al 3 de julio enfrentar\u00e1 a los mejores deportistas de esta disciplina. El anhelo es tener en R\u00edo de Janeiro una actuaci\u00f3n que le permita crecer como uno de los deportistas de mayor proyecci\u00f3n de Colombia.<\/p>\n<p>La intenci\u00f3n en Portugal y Turqu\u00eda es conseguir el paso a varias finales, entre las que aparecen barras paralelas y barra fija, como prioridad. Buscar\u00e1 la puesta a punto en la concentraci\u00f3n tras varias semanas fuera del pa\u00eds. La etapa final inicial con la Copa Mundo de Sao Paulo (Brasil).<\/p>\n<p>\u201cEl objetivo es hacer un buen trabajo, una buena competencia, y agarrar nivel competitivo, pues este a\u00f1o he tenido pocas competencias\u201d, dijo. Jossimar Calvo sum\u00f3 una medalla de oro m\u00e1s en barras paralelas, hace tres semanas, en la Copa Mundo de Brasil.<\/p>\n<p>En Anadia est\u00e1n programadas, para jueves y viernes, las rondas clasificatorias. Luego, entre s\u00e1bado y domingo, se disputar\u00e1n las finales por cada aparato. Despu\u00e9s de la reuni\u00f3n t\u00e9cnica se conocer\u00e1n las salidas y las rotaciones de los gimnastas.<\/p>\n<p>La disciplina, la constancia y la concentraci\u00f3n le han permitido \u00a0\u00a0resultados positivos en el ciclo ol\u00edmpico en curso. Ha sumado registros y medallas para Colombia, con el trabajo en equipo liderado por el entrenador Jairo Ruiz Casas, quien espera enaltecer el nombre de la gimnasia nacional.<\/p>\n<p>La trayectoria de Jossimar en mundiales y copas del mundo es la siguiente:<\/p>\n<p><strong>1.- Ha participado en cinco mundiales de gimnasia art\u00edstica:<\/strong><\/p>\n<p>&#8211; Rotterdam (Holanda) 2010<\/p>\n<p>&#8211; Tokio (Jap\u00f3n) 2011<\/p>\n<p>&#8211; Amberes (B\u00e9lgica) 2013<\/p>\n<p>&#8211; Nanjing (China) 2014<\/p>\n<p>&#8211; Londres (Inglaterra) 2015.<\/p>\n<p><strong>2.- Ha sido finalista en dos ocasiones en barras paralelas en mundiales<\/strong><\/p>\n<p>&#8211; Amberes (B\u00e9lgica) 2013<\/p>\n<p>&#8211; Nanjing (China) 2014<\/p>\n<p><strong>3.- Primer gimnasta colombiano en ganar una medalla de oro en una Copa Mundo<\/strong>. 2013 en Ljubljana (Eslovenia), en barra fija.<\/p>\n<p><strong>4.- En copas mundo Jossimar ha ganado \u00a0oro en barra fija<\/strong>, barras paralelas y caballo con arzones.<\/p>\n<p><strong>5.- Barras paralelas es el aparato en el que m\u00e1s medallas ha ganado<\/strong> en paradas de la Copa Mundo. Ha sumado cinco de oro y tres de plata.<\/p>\n<p><strong>6.- Tres medallas de oro y dos de plata en cuatro paradas de la Copa<\/strong> Mundo de Gimnasia, en 2015. Anadia (Portugal), en dos ocasiones; Ljubjlana (Eslovenia), Cottbus (Alemania) y Doha (Catar).<\/p>\n<p><strong>7.- El \u00faltimo logro se dio en mayo<\/strong>, en la Copa Mundo de Sao Paulo, donde repiti\u00f3 el oro en barras paralelas.<\/p>\n<p><strong>Foto: <a href=\"http:\/\/www.colombiasports.net\">www.colombiasports.net<\/a><\/strong><\/p>\n<p>&nbsp; <\/p>\n","protected":false},"excerpt":{"rendered":"<p>El cucute\u00f1o Jossimar Calvo Moreno lleg\u00f3 a Portugal, en compa\u00f1\u00eda del equipo de Colombia para R\u00edo 2016, para participar en la Copa del Mundo. La competencia servir\u00e1 como preparaci\u00f3n para los Ol\u00edmpicos, en agosto, en Brasil. En Anadia actuar\u00e1, del 23 al 26 de junio, para buscar la mejor preparaci\u00f3n en la \u00faltima fase de &hellip;<\/p>\n","protected":false},"author":1,"featured_media":27278,"comment_status":"open","ping_status":"open","sticky":false,"template":"","format":"standard","meta":{"footnotes":""},"categories":[4,28],"tags":[2148,639,2132],"class_list":["post-27277","post","type-post","status-publish","format-standard","has-post-thumbnail","hentry","category-barra","category-vistazo-deportivo","tag-federacion-colombiana-de-gimnasia","tag-jossimar-calvo","tag-liga-de-gimnasia-de-norte-de-santander"],"_links":{"self":[{"href":"https:\/\/contraluzcucuta.co\/index.php?rest_route=\/wp\/v2\/posts\/27277","targetHints":{"allow":["GET"]}}],"collection":[{"href":"https:\/\/contraluzcucuta.co\/index.php?rest_route=\/wp\/v2\/posts"}],"about":[{"href":"https:\/\/contraluzcucuta.co\/index.php?rest_route=\/wp\/v2\/types\/post"}],"author":[{"embeddable":true,"href":"https:\/\/contraluzcucuta.co\/index.php?rest_route=\/wp\/v2\/users\/1"}],"replies":[{"embeddable":true,"href":"https:\/\/contraluzcucuta.co\/index.php?rest_route=%2Fwp%2Fv2%2Fcomments&post=27277"}],"version-history":[{"count":1,"href":"https:\/\/contraluzcucuta.co\/index.php?rest_route=\/wp\/v2\/posts\/27277\/revisions"}],"predecessor-version":[{"id":27279,"href":"https:\/\/contraluzcucuta.co\/index.php?rest_route=\/wp\/v2\/posts\/27277\/revisions\/27279"}],"wp:featuredmedia":[{"embeddable":true,"href":"https:\/\/contraluzcucuta.co\/index.php?rest_route=\/wp\/v2\/media\/27278"}],"wp:attachment":[{"href":"https:\/\/contraluzcucuta.co\/index.php?rest_route=%2Fwp%2Fv2%2Fmedia&parent=27277"}],"wp:term":[{"taxonomy":"category","embeddable":true,"href":"https:\/\/contraluzcucuta.co\/index.php?rest_route=%2Fwp%2Fv2%2Fcategories&post=27277"},{"taxonomy":"post_tag","embeddable":true,"href":"https:\/\/contraluzcucuta.co\/index.php?rest_route=%2Fwp%2Fv2%2Ftags&post=27277"}],"curies":[{"name":"wp","href":"https:\/\/api.w.org\/{rel}","templated":true}]}}