{"id":27232,"date":"2016-06-16T19:50:32","date_gmt":"2016-06-17T00:50:32","guid":{"rendered":"http:\/\/contraluzcucuta.co\/?p=27232"},"modified":"2016-06-16T19:50:32","modified_gmt":"2016-06-17T00:50:32","slug":"cucuta-283-anos-ufps-ofrecio-serenata-la-cumpleanera","status":"publish","type":"post","link":"https:\/\/contraluzcucuta.co\/?p=27232","title":{"rendered":"C\u00daCUTA 283 A\u00d1OS. \u00a0UFPS ofreci\u00f3 serenata a la cumplea\u00f1era"},"content":{"rendered":"<p><strong>C\u00daCUTA.-<\/strong> Diez grupos musicales, danzas folcl\u00f3ricas y cuenter\u00eda hicieron parte de la serenata ofrecida por la Universidad Francisco de Paula Santander a C\u00facuta, al cumplir\u00a0 283 a\u00f1os de fundaci\u00f3n. El teatro Las Cascadas, en El Malec\u00f3n, fue el escenario escogido para brindar el homenaje a la capital de Norte de Santander.<\/p>\n<p>La actividad fue respaldada por los cucute\u00f1os, que acompa\u00f1aron a los estudiantes en una noche llena de alegr\u00eda y amor por la ciudad. Se presentaron la tuna, la estudiantina, boleros, son cubano, banda pelayera, tropi-pop, tamboras, UFPS orquesta y vallenato.<\/p>\n<p>La obra de baile estuvo a cargo del grupo de danzas, bajo la direcci\u00f3n del maestro Juan Hernando Becerra. En m\u00e1s de cuatro horas de serenata, directivos, docentes, estudiantes y administrativos le desearon feliz cumplea\u00f1os a la Noble, Leal y Valerosa Villa de San Jos\u00e9 de C\u00facuta.<\/p>\n<p>Rector\u00eda, vicerrector\u00eda de Bienestar Universitario y Unidad de Cultura ofrecieron la serenata a cargo del mejor talento UFPS. V\u00edctor Manuel Ardila, vicerrector de bienestar, dijo que el traslado al emblem\u00e1tico y estrat\u00e9gico lugar de C\u00facuta obedece al proyecto institucional de salir del campus universitario y mostrar las potencialidades de estudiantes, docentes y egresados.<\/p>\n<p>La Unidad de Cultura ha fortalecido los grupos representativos. \u201cLa apuesta como Instituci\u00f3n en su objetivo de proyecci\u00f3n social es mostrar ese trabajo juicioso y responsable que se hace durante el proceso de los cursos de formaci\u00f3n integral\u201d.<\/p>\n<p><strong>Foto: PRENSA UFPS<\/strong><\/p>\n<p>&nbsp; <\/p>\n","protected":false},"excerpt":{"rendered":"<p>C\u00daCUTA.- Diez grupos musicales, danzas folcl\u00f3ricas y cuenter\u00eda hicieron parte de la serenata ofrecida por la Universidad Francisco de Paula Santander a C\u00facuta, al cumplir\u00a0 283 a\u00f1os de fundaci\u00f3n. El teatro Las Cascadas, en El Malec\u00f3n, fue el escenario escogido para brindar el homenaje a la capital de Norte de Santander. La actividad fue respaldada &hellip;<\/p>\n","protected":false},"author":1,"featured_media":27233,"comment_status":"open","ping_status":"open","sticky":false,"template":"","format":"standard","meta":{"footnotes":""},"categories":[74,4],"tags":[2597,2992,229],"class_list":["post-27232","post","type-post","status-publish","format-standard","has-post-thumbnail","hentry","category-aula-universitaria","category-barra","tag-aula-universitaria","tag-cucuta-283-anos","tag-ufps"],"_links":{"self":[{"href":"https:\/\/contraluzcucuta.co\/index.php?rest_route=\/wp\/v2\/posts\/27232","targetHints":{"allow":["GET"]}}],"collection":[{"href":"https:\/\/contraluzcucuta.co\/index.php?rest_route=\/wp\/v2\/posts"}],"about":[{"href":"https:\/\/contraluzcucuta.co\/index.php?rest_route=\/wp\/v2\/types\/post"}],"author":[{"embeddable":true,"href":"https:\/\/contraluzcucuta.co\/index.php?rest_route=\/wp\/v2\/users\/1"}],"replies":[{"embeddable":true,"href":"https:\/\/contraluzcucuta.co\/index.php?rest_route=%2Fwp%2Fv2%2Fcomments&post=27232"}],"version-history":[{"count":1,"href":"https:\/\/contraluzcucuta.co\/index.php?rest_route=\/wp\/v2\/posts\/27232\/revisions"}],"predecessor-version":[{"id":27234,"href":"https:\/\/contraluzcucuta.co\/index.php?rest_route=\/wp\/v2\/posts\/27232\/revisions\/27234"}],"wp:featuredmedia":[{"embeddable":true,"href":"https:\/\/contraluzcucuta.co\/index.php?rest_route=\/wp\/v2\/media\/27233"}],"wp:attachment":[{"href":"https:\/\/contraluzcucuta.co\/index.php?rest_route=%2Fwp%2Fv2%2Fmedia&parent=27232"}],"wp:term":[{"taxonomy":"category","embeddable":true,"href":"https:\/\/contraluzcucuta.co\/index.php?rest_route=%2Fwp%2Fv2%2Fcategories&post=27232"},{"taxonomy":"post_tag","embeddable":true,"href":"https:\/\/contraluzcucuta.co\/index.php?rest_route=%2Fwp%2Fv2%2Ftags&post=27232"}],"curies":[{"name":"wp","href":"https:\/\/api.w.org\/{rel}","templated":true}]}}