{"id":27190,"date":"2016-06-12T18:39:45","date_gmt":"2016-06-12T23:39:45","guid":{"rendered":"http:\/\/contraluzcucuta.co\/?p=27190"},"modified":"2016-06-12T18:39:45","modified_gmt":"2016-06-12T23:39:45","slug":"luis-uribe-bueno-musico-salazareno-exaltado-por-la-secretaria-de-cultura","status":"publish","type":"post","link":"https:\/\/contraluzcucuta.co\/?p=27190","title":{"rendered":"LUIS URIBE BUENO. M\u00fasico salazare\u00f1o exaltado por la Secretar\u00eda de Cultura"},"content":{"rendered":"<p><strong>C\u00daCUTA.-<\/strong> El c\u00e9lebre artista Luis Uribe Bueno fue exaltado por las autoridades culturales de Norte de Santander al cumplirse el primer siglo de su nacimiento. El homenaje tuvo como marco la presentaci\u00f3n de las fiestas patronales de Salazar de las Palmas. El acto se cumpli\u00f3 en la Torre del Reloj, con participaci\u00f3n de buena parte de la colonia salazare\u00f1a.<\/p>\n<p>Los paisanos aplaudieron el reconocimiento del hijo ilustre del municipio nortesantandereano, nacido el 7 de marzo de 1916. En Bogot\u00e1 inici\u00f3 el largo recorrido por la m\u00fasica y alcanz\u00f3 los honores para el departamento. La distinci\u00f3n se hizo por solicitud del Ministerio de Cultura y de la Gobernaci\u00f3n.<\/p>\n<p>La orquesta de la Fundaci\u00f3n Fundarte interpret\u00f3 algunas de las piezas musicales compuestas por el homenajeado. La Secretar\u00eda de Cultura dio la noticia que el Primer Festival de M\u00fasica Tradicional, que se desarrollar\u00e1 durante el III Festival de Colonias, llevar\u00e1 el nombre de\u00a0 Luis Uribe Bueno, para exaltar la memoria del artista.<\/p>\n<p>Entre algunos de sus logros sobresalen:<\/p>\n<p>1.- En Bogot\u00e1 conform\u00f3 el tr\u00edo \u2018Los Norte\u00f1os\u2019, integrado con V\u00edctor \u2018El Chato\u2019 Romero y Julio Pinz\u00f3n, a quien despu\u00e9s remplaz\u00f3 \u2018El Ciego\u2019 Luis Lizcano.<\/p>\n<p>2.- Integr\u00f3 la orquesta de Alex Tovar, que tocaba en el Hotel Granada de Bogot\u00e1.<\/p>\n<p>3.- En la orquesta del maestro Lucho Berm\u00fadez fue el bajista desde la fundaci\u00f3n.<\/p>\n<p>4.- En 1952, pas\u00f3 a ser director musical de la casa disquera Sonolux, en Medell\u00edn.<\/p>\n<p>5.- En la capital de la monta\u00f1a vivi\u00f3 casi 50 a\u00f1os.<\/p>\n<p>6.- Durante 7 a\u00f1os fue director del Departamento de Extensi\u00f3n Cultural de Antioquia.<\/p>\n<p>7.- Adelant\u00f3 el \u2018Programa Departamental de Bandas Municipales\u2019, que dot\u00f3 a todos los municipios de Antioquia con banda musical.<\/p>\n<p>8.- Organiz\u00f3 el programa \u2018Conozcamos nuestra m\u00fasica colombiana\u2019.<\/p>\n<p><strong>Foto: PRENSA GOBERNACI\u00d3N<\/strong><\/p>\n<p>&nbsp; <\/p>\n","protected":false},"excerpt":{"rendered":"<p>C\u00daCUTA.- El c\u00e9lebre artista Luis Uribe Bueno fue exaltado por las autoridades culturales de Norte de Santander al cumplirse el primer siglo de su nacimiento. El homenaje tuvo como marco la presentaci\u00f3n de las fiestas patronales de Salazar de las Palmas. El acto se cumpli\u00f3 en la Torre del Reloj, con participaci\u00f3n de buena parte &hellip;<\/p>\n","protected":false},"author":1,"featured_media":27191,"comment_status":"open","ping_status":"open","sticky":false,"template":"","format":"standard","meta":{"footnotes":""},"categories":[45,4,37],"tags":[2987,2891,887],"class_list":["post-27190","post","type-post","status-publish","format-standard","has-post-thumbnail","hentry","category-destacado","category-barra","category-paseo-cultural","tag-luis-uribe-bueno","tag-secretaria-de-cultura-de-norte-de-santander","tag-torre-del-reloj"],"_links":{"self":[{"href":"https:\/\/contraluzcucuta.co\/index.php?rest_route=\/wp\/v2\/posts\/27190","targetHints":{"allow":["GET"]}}],"collection":[{"href":"https:\/\/contraluzcucuta.co\/index.php?rest_route=\/wp\/v2\/posts"}],"about":[{"href":"https:\/\/contraluzcucuta.co\/index.php?rest_route=\/wp\/v2\/types\/post"}],"author":[{"embeddable":true,"href":"https:\/\/contraluzcucuta.co\/index.php?rest_route=\/wp\/v2\/users\/1"}],"replies":[{"embeddable":true,"href":"https:\/\/contraluzcucuta.co\/index.php?rest_route=%2Fwp%2Fv2%2Fcomments&post=27190"}],"version-history":[{"count":1,"href":"https:\/\/contraluzcucuta.co\/index.php?rest_route=\/wp\/v2\/posts\/27190\/revisions"}],"predecessor-version":[{"id":27192,"href":"https:\/\/contraluzcucuta.co\/index.php?rest_route=\/wp\/v2\/posts\/27190\/revisions\/27192"}],"wp:featuredmedia":[{"embeddable":true,"href":"https:\/\/contraluzcucuta.co\/index.php?rest_route=\/wp\/v2\/media\/27191"}],"wp:attachment":[{"href":"https:\/\/contraluzcucuta.co\/index.php?rest_route=%2Fwp%2Fv2%2Fmedia&parent=27190"}],"wp:term":[{"taxonomy":"category","embeddable":true,"href":"https:\/\/contraluzcucuta.co\/index.php?rest_route=%2Fwp%2Fv2%2Fcategories&post=27190"},{"taxonomy":"post_tag","embeddable":true,"href":"https:\/\/contraluzcucuta.co\/index.php?rest_route=%2Fwp%2Fv2%2Ftags&post=27190"}],"curies":[{"name":"wp","href":"https:\/\/api.w.org\/{rel}","templated":true}]}}