{"id":27181,"date":"2016-06-12T17:12:53","date_gmt":"2016-06-12T22:12:53","guid":{"rendered":"http:\/\/contraluzcucuta.co\/?p=27181"},"modified":"2016-06-12T17:12:53","modified_gmt":"2016-06-12T22:12:53","slug":"gestora-social-inaugurado-hogar-juvenil-campesino-en-salazar-de-las-palmas","status":"publish","type":"post","link":"https:\/\/contraluzcucuta.co\/?p=27181","title":{"rendered":"GESTORA SOCIAL. Inaugurado Hogar Juvenil Campesino, en Salazar de Las Palmas"},"content":{"rendered":"<p><strong>SALAZAR DE LAS PALMAS \u2013 Norte de Santander.-<\/strong> Treinta \u00a0ni\u00f1os y j\u00f3venes (15 hombres y 15 mujeres) fortalecer\u00e1n los conocimientos en el agro y aprender\u00e1n sobre otros contenidos acad\u00e9micos en el nuevo Hogar Juvenil Campesino, en Salazar de Las Palmas.<\/p>\n<p>Los largos trayectos que en su infancia deb\u00eda recorrer Marllid Karina Galvis, para llegar hasta su instituci\u00f3n educativa, se convirtieron en la causa principal por la que faltaba a clases. A pesar de esa dificultad, culmin\u00f3 los estudios y hoy es la directora de la instituci\u00f3n \u2018Presb\u00edtero Francisco Romero\u2019, inaugurada por la gestora social de Norte de Santander, Cecilia Soler.<\/p>\n<p>Hace tres meses, el gobierno departamental prometi\u00f3 la entrega del Hogar. \u201cAqu\u00ed estamos para apoyarlos, entregarles las herramientas con las que ustedes nos ayudar\u00e1n a construir el futuro\u201d, dijo la gestora. El aprendizaje de ni\u00f1os y j\u00f3venes redundar\u00e1 en el mejoramiento de la productividad del campo.<\/p>\n<p>Ocho a\u00f1os atr\u00e1s, comenz\u00f3 la pelea para que los centros de educaci\u00f3n integral no desaparecieran y, por el contrario, se convirtieran en alternativa para cientos de alumnos que no pod\u00edan desplazarse desde el hogar a la escuela.<\/p>\n<p>En esta instituci\u00f3n, 30 ni\u00f1os y j\u00f3venes tendr\u00e1n la posibilidad de:<br \/>\n1.- Recibir educaci\u00f3n<\/p>\n<p>2.- Aprender sobre el cuidado y la productividad del campo<\/p>\n<p>3.- Hacer las pr\u00e1cticas en dos hect\u00e1reas que componen la huerta casera y en el vivero con maderables para reforestaci\u00f3n.<\/p>\n<p>4.-Producir 4000 pollos, en los galpones.<\/p>\n<p>El Hogar Juvenil est\u00e1 en el corregimiento de Barrientos. \u201cEl objetivo que perseguimos es que los ni\u00f1os vuelvan al campo y no se vayan a la ciudad a buscar oportunidades, cuando en el campo las hay para que promuevan entre amigos y familias el amor por el agro\u201d, se\u00f1al\u00f3, la directora Marllid Galvis.<\/p>\n<p>La estrategia de los Hogares comprende la formaci\u00f3n integral en componentes agr\u00edcolas, productivos y de emprendimiento, y garantizar la alimentaci\u00f3n y la permanencia educativa de los estudiantes. A este prop\u00f3sito se unieron el Comit\u00e9 Departamental de Cafeteros, que entreg\u00f3 al servicio de los j\u00f3venes la finca agr\u00edcola \u2018Presb\u00edtero Francisco Romero\u2019; el Sena, encargado de la formaci\u00f3n agr\u00edcola de los j\u00f3venes, y la Alcald\u00eda de Salazar.<\/p>\n<p>\u201cA\u00f1o tras a\u00f1o la Gobernaci\u00f3n ha cre\u00eddo en esta obra, convirti\u00e9ndose en un programa social en el que se justifica todo el apoyo que hemos recibido\u201d, dijo Luz Marina Contreras, coordinadora Departamental de los Hogares Juveniles Campesinos. La puesta en marcha del plantel evitar\u00e1 que ni\u00f1os y j\u00f3venes engrosen las filas de los grupos armados ilegales en el departamento.<\/p>\n<p>En dos meses la gestora Cecilia soler entregar\u00e1 el hogar para beneficiar a la poblaci\u00f3n ind\u00edgena Motil\u00f3n-Bar\u00ed, de la comunidad de karicachaboquira. En 22 municipios de Norte de Santander hay \u00a025 hogares y la \u00a0mayor\u00eda atiende a comunidades de Tib\u00fa, San Calixto, Hacar\u00ed, La Playa, Teorama, Oca\u00f1a y \u00c1brego.<\/p>\n<p><strong>Foto: PRENSA GOBERNACI\u00d3N<\/strong><\/p>\n<p>&nbsp;<\/p>\n<p>&nbsp;<\/p>\n<p>&nbsp; <\/p>\n","protected":false},"excerpt":{"rendered":"<p>SALAZAR DE LAS PALMAS \u2013 Norte de Santander.- Treinta \u00a0ni\u00f1os y j\u00f3venes (15 hombres y 15 mujeres) fortalecer\u00e1n los conocimientos en el agro y aprender\u00e1n sobre otros contenidos acad\u00e9micos en el nuevo Hogar Juvenil Campesino, en Salazar de Las Palmas. Los largos trayectos que en su infancia deb\u00eda recorrer Marllid Karina Galvis, para llegar hasta &hellip;<\/p>\n","protected":false},"author":1,"featured_media":27182,"comment_status":"open","ping_status":"open","sticky":false,"template":"","format":"standard","meta":{"footnotes":""},"categories":[2630],"tags":[2715,2986],"class_list":["post-27181","post","type-post","status-publish","format-standard","has-post-thumbnail","hentry","category-gobernacion","tag-gestora-social-cecilia-soler","tag-gobernacion-de-norte-de"],"_links":{"self":[{"href":"https:\/\/contraluzcucuta.co\/index.php?rest_route=\/wp\/v2\/posts\/27181","targetHints":{"allow":["GET"]}}],"collection":[{"href":"https:\/\/contraluzcucuta.co\/index.php?rest_route=\/wp\/v2\/posts"}],"about":[{"href":"https:\/\/contraluzcucuta.co\/index.php?rest_route=\/wp\/v2\/types\/post"}],"author":[{"embeddable":true,"href":"https:\/\/contraluzcucuta.co\/index.php?rest_route=\/wp\/v2\/users\/1"}],"replies":[{"embeddable":true,"href":"https:\/\/contraluzcucuta.co\/index.php?rest_route=%2Fwp%2Fv2%2Fcomments&post=27181"}],"version-history":[{"count":1,"href":"https:\/\/contraluzcucuta.co\/index.php?rest_route=\/wp\/v2\/posts\/27181\/revisions"}],"predecessor-version":[{"id":27183,"href":"https:\/\/contraluzcucuta.co\/index.php?rest_route=\/wp\/v2\/posts\/27181\/revisions\/27183"}],"wp:featuredmedia":[{"embeddable":true,"href":"https:\/\/contraluzcucuta.co\/index.php?rest_route=\/wp\/v2\/media\/27182"}],"wp:attachment":[{"href":"https:\/\/contraluzcucuta.co\/index.php?rest_route=%2Fwp%2Fv2%2Fmedia&parent=27181"}],"wp:term":[{"taxonomy":"category","embeddable":true,"href":"https:\/\/contraluzcucuta.co\/index.php?rest_route=%2Fwp%2Fv2%2Fcategories&post=27181"},{"taxonomy":"post_tag","embeddable":true,"href":"https:\/\/contraluzcucuta.co\/index.php?rest_route=%2Fwp%2Fv2%2Ftags&post=27181"}],"curies":[{"name":"wp","href":"https:\/\/api.w.org\/{rel}","templated":true}]}}