{"id":27177,"date":"2016-06-11T17:10:05","date_gmt":"2016-06-11T22:10:05","guid":{"rendered":"http:\/\/contraluzcucuta.co\/?p=27177"},"modified":"2016-06-11T17:10:05","modified_gmt":"2016-06-11T22:10:05","slug":"internacion-temporal-ayuda-para-organizar-el-parque-automotor-procurador-regional","status":"publish","type":"post","link":"https:\/\/contraluzcucuta.co\/?p=27177","title":{"rendered":"INTERNACI\u00d3N TEMPORAL. Ayuda para organizar el parque automotor: Procurador Regional"},"content":{"rendered":"<p><strong>C\u00daCUTA.-<\/strong> Las bicicletas, motonetas y motocicletas con motor hasta de 125 c.c. de cilindrada est\u00e1n exentas del impuesto a veh\u00edculos nuevos. La advertencia est\u00e1 contemplada en el art\u00edculo 141 de la Ley 488 1998, en el cap\u00edtulo \u2018Veh\u00edculos gravados\u2019. El recordatorio lo hizo el procurador regional Juan Carlos Bautista, en carta enviada al alcalde C\u00e9sar Rojas, a ra\u00edz de la propuesta de internaci\u00f3n de motos.<\/p>\n<p>La puesta en marcha de esa figura coadyuvar\u00e1 a la organizaci\u00f3n del parque automotor con matricula venezolana en la ciudad y el \u00c1rea Metropolitana, sin dejar de lado el posible incremento en el recaudo por el impuesto sobre veh\u00edculos automotores, se\u00f1al\u00f3 el vocero del organismo de control y vigilancia.<\/p>\n<p>El mayor porcentaje de las motocicletas de matr\u00edcula venezolana que transitan diariamente por C\u00facuta, utilizadas como instrumento de trabajo, no supera la cilindrada exceptuada por la Ley 448. El tr\u00e1mite de internaci\u00f3n m\u00e1s que una carga tributaria para propietarios \u00a0servir\u00eda para que la administraci\u00f3n municipal organice la base de datos sobre las motocicletas.<\/p>\n<p>C\u00facuta, Los Patios, Villa del Rosario, San Cayetano, El Zulia y Puerto Santander conforman una Unidad Especial de Desarrollo Fronterizo, raz\u00f3n por la cual hay libre circulaci\u00f3n de personas y veh\u00edculos, con previa autorizaci\u00f3n del alcalde.<\/p>\n<p>En el 2001, el Alcalde de C\u00facuta pretendi\u00f3 reglamentar la internaci\u00f3n de los veh\u00edculos con matr\u00edcula venezolana, mediante el Decreto 0200. La Sala de lo Contencioso Administrativo de la Secci\u00f3n Cuarta del Consejo de Estado declar\u00f3 nulos los art\u00edculos 4 ,5 y 7 a 13, y dej\u00f3 inc\u00f3lumes los art\u00edculos 1, 3, 6, 13 y 15.<\/p>\n<p>El procurador regional Juan Carlos Bautista se\u00f1al\u00f3 al alcalde Rojas Ayala que la intenci\u00f3n de la misiva es que las consideraciones \u201csean tenidas en cuenta por la autoridad municipal\u201d. Explic\u00f3 que las Unidades Especiales de Desarrollo Fronterizo est\u00e1n conformadas por municipios, corregimientos especiales y \u00e1reas metropolitanas pertenecientes a las Zonas de Frontera.<\/p>\n<p>En desarrollo de esa disposici\u00f3n, el Gobierno, mediante el Decreto 1814 de 1995 estableci\u00f3 como Unidad Especial para Norte de Santander la conformada por los municipios del \u00c1rea Metropolitana.<\/p>\n<p>A\u00f1os despu\u00e9s, pero con la intenci\u00f3n de reglamentar en debida forma las figuras jur\u00eddicas, el Gobierno promulg\u00f3 el Decreto 400 de 2005 para establecer condiciones, t\u00e9rminos y requisitos para autorizar la internaci\u00f3n temporal de veh\u00edculos y motocicletas en las Unidades Especiales de Desarrollo Fronterizo.<\/p>\n<p>El art\u00edculo primero se\u00f1ala que el Alcalde en cuya jurisdicci\u00f3n se \u00a0encuentra la Unidad correspondiente al domicilio del solicitante, autorizar\u00e1 a los residentes \u201cla internaci\u00f3n temporal de veh\u00edculos, motocicletas y embarcaciones fluviales menores con matr\u00edcula de un pa\u00eds vecino, para que circulen \u00fanicamente en el territorio del respectivo departamento para el que se le confiri\u00f3 la autorizaci\u00f3n\u201d.<\/p>\n<p>El art\u00edculo segundo, en el cap\u00edtulo segundo, fij\u00f3 los documentos requeridos para solicitar la internaci\u00f3n temporal de veh\u00edculos:<\/p>\n<p>1.- Fotocopia del documento de identificaci\u00f3n del solicitante.<\/p>\n<p>2.- Fotocopia del documento que de conformidad con las normas vigentes en el pa\u00eds vecino, acredite la propiedad del veh\u00edculo automotor y motocicleta y certificaci\u00f3n expedida por la autoridad competente del pa\u00eds vecino, en la que conste la legalidad de la matr\u00edcula o registro, seg\u00fan corresponda, del bien que se pretende internar.<\/p>\n<ol start=\"3\">\n<li>Improntas de los n\u00fameros de chasis y de motor que identifiquen el veh\u00edculo o de los seriales de identificaci\u00f3n de la motocicleta o embarcaci\u00f3n fluvial menor.<\/li>\n<li>Permiso de permanencia en el pa\u00eds, expedido por la Capitan\u00eda de Puerto del Departamento por donde arrib\u00f3 la embarcaci\u00f3n.<\/li>\n<\/ol>\n<p><strong>Foto: \u00a0<a href=\"http:\/\/www.areacucuta.com\">www.areacucuta.com<\/a><\/strong> <\/p>\n","protected":false},"excerpt":{"rendered":"<p>C\u00daCUTA.- Las bicicletas, motonetas y motocicletas con motor hasta de 125 c.c. de cilindrada est\u00e1n exentas del impuesto a veh\u00edculos nuevos. La advertencia est\u00e1 contemplada en el art\u00edculo 141 de la Ley 488 1998, en el cap\u00edtulo \u2018Veh\u00edculos gravados\u2019. El recordatorio lo hizo el procurador regional Juan Carlos Bautista, en carta enviada al alcalde C\u00e9sar &hellip;<\/p>\n","protected":false},"author":1,"featured_media":27178,"comment_status":"open","ping_status":"open","sticky":false,"template":"","format":"standard","meta":{"footnotes":""},"categories":[556,4,32],"tags":[2722,2721],"class_list":["post-27177","post","type-post","status-publish","format-standard","has-post-thumbnail","hentry","category-departamento","category-barra","category-recorrido-por-la-region","tag-juan-carlos-bautista","tag-procuraduria-regional"],"_links":{"self":[{"href":"https:\/\/contraluzcucuta.co\/index.php?rest_route=\/wp\/v2\/posts\/27177","targetHints":{"allow":["GET"]}}],"collection":[{"href":"https:\/\/contraluzcucuta.co\/index.php?rest_route=\/wp\/v2\/posts"}],"about":[{"href":"https:\/\/contraluzcucuta.co\/index.php?rest_route=\/wp\/v2\/types\/post"}],"author":[{"embeddable":true,"href":"https:\/\/contraluzcucuta.co\/index.php?rest_route=\/wp\/v2\/users\/1"}],"replies":[{"embeddable":true,"href":"https:\/\/contraluzcucuta.co\/index.php?rest_route=%2Fwp%2Fv2%2Fcomments&post=27177"}],"version-history":[{"count":1,"href":"https:\/\/contraluzcucuta.co\/index.php?rest_route=\/wp\/v2\/posts\/27177\/revisions"}],"predecessor-version":[{"id":27179,"href":"https:\/\/contraluzcucuta.co\/index.php?rest_route=\/wp\/v2\/posts\/27177\/revisions\/27179"}],"wp:featuredmedia":[{"embeddable":true,"href":"https:\/\/contraluzcucuta.co\/index.php?rest_route=\/wp\/v2\/media\/27178"}],"wp:attachment":[{"href":"https:\/\/contraluzcucuta.co\/index.php?rest_route=%2Fwp%2Fv2%2Fmedia&parent=27177"}],"wp:term":[{"taxonomy":"category","embeddable":true,"href":"https:\/\/contraluzcucuta.co\/index.php?rest_route=%2Fwp%2Fv2%2Fcategories&post=27177"},{"taxonomy":"post_tag","embeddable":true,"href":"https:\/\/contraluzcucuta.co\/index.php?rest_route=%2Fwp%2Fv2%2Ftags&post=27177"}],"curies":[{"name":"wp","href":"https:\/\/api.w.org\/{rel}","templated":true}]}}