{"id":27129,"date":"2016-06-05T19:07:34","date_gmt":"2016-06-06T00:07:34","guid":{"rendered":"http:\/\/contraluzcucuta.co\/?p=27129"},"modified":"2016-06-05T19:07:34","modified_gmt":"2016-06-06T00:07:34","slug":"repaso-historico-de-los-segundos-los-decimo-quintos-juegos-acord-2017","status":"publish","type":"post","link":"https:\/\/contraluzcucuta.co\/?p=27129","title":{"rendered":"REPASO HIST\u00d3RICO. De los segundos a los d\u00e9cimo quintos Juegos Acord 2017"},"content":{"rendered":"<p><strong>REPASO HIST\u00d3RICO.<\/strong> De los II a los XV Juegos Acord 2017<\/p>\n<p><strong>C\u00daCUTA.-<\/strong> La Perla del Norte fue escogida para organizar la d\u00e9cimo quinta versi\u00f3n de los Juegos Nacionales para periodistas deportivos. Se estima que 600 afiliados a la Acord, en las diferentes seccionales, estar\u00e1n en enero en la ciudad. Los siguientes son algunos datos ocurridos de 1991 al 2017, cuando faltan siete meses para el inicio de las justas:<\/p>\n<p>1.- En el restaurante Monumentales del Recuerdo, de propiedad de Camilo G\u00e1mez, periodista deportivo, se finiquit\u00f3 la celebraci\u00f3n de los II Juegos.<\/p>\n<p>2.- En la reuni\u00f3n estuvieron Carlos Julio Castellanos, presidente Acord Santander; Norberto \u2018Papo\u2019 D\u00edaz, Orlando Enrique Jim\u00e9nez y Pablo V\u00e1squez; por Acord Norte de Santander asistieron, Jos\u00e9 de Jes\u00fas Infante, Guillermo L\u00f3pez Jaimes y Armando Rodr\u00edguez.<\/p>\n<p>3.- La presentaci\u00f3n se hizo en mayo, en el Club de Cazadores. Oficiaron como maestros de ceremonia Armando Rodr\u00edguez, secretario de Acord Norte, y Pablo V\u00e1squez.<\/p>\n<p>4.- El director de los II Juegos fue Guillermo L\u00f3pez Jaimes, quien visit\u00f3 entidades gubernamentales y privadas, con respuesta positiva para el \u00e9xito de la actividad.<\/p>\n<p>5.- El presidente nacional Jos\u00e9 Clopatoski encabez\u00f3 las delegaciones con los presidentes seccionales<\/p>\n<p>6.- La villa de concentraci\u00f3n de los periodistas deportivos fue el hotel Casa Blanca.<\/p>\n<p>7.- Hubo reconocimientos especiales para los colegas Jos\u00e9 Antonio Churio y Francisco \u2018Kiko\u2019 Navarro.<\/p>\n<p>8.- El desfile inaugural parti\u00f3 del parque Nacional y lleg\u00f3 al coliseo \u2018Toto\u2019 Hern\u00e1ndez.<\/p>\n<p>9.- El acto de clausura se cumpli\u00f3 en el club de Telecom.<\/p>\n<p>En la presentaci\u00f3n de los XV Juegos, llevada a cabo en d\u00edas pasados en C\u00facuta, se encontraron los periodistas de esa \u00e9poca Carlos Julio Castellanos y Armando Rodr\u00edguez. El resto de integrantes de Santander y Norte de Santander se fueron al viaje sin retorno. Pablo V\u00e1squez vive, pero no estuvo en el acto.<\/p>\n<p><strong>ARMANDO RODR\u00cdGUEZ<\/strong><\/p>\n<p><strong>Foto: Especial para <\/strong><a href=\"http:\/\/www.contraluzcucuta.co\"><strong>www.contraluzcucuta.co<\/strong><\/a><\/p>\n<p>&nbsp;<\/p>\n<p>&nbsp;<\/p>\n<p>&nbsp; <\/p>\n","protected":false},"excerpt":{"rendered":"<p>REPASO HIST\u00d3RICO. De los II a los XV Juegos Acord 2017 C\u00daCUTA.- La Perla del Norte fue escogida para organizar la d\u00e9cimo quinta versi\u00f3n de los Juegos Nacionales para periodistas deportivos. Se estima que 600 afiliados a la Acord, en las diferentes seccionales, estar\u00e1n en enero en la ciudad. Los siguientes son algunos datos ocurridos &hellip;<\/p>\n","protected":false},"author":1,"featured_media":27130,"comment_status":"open","ping_status":"open","sticky":false,"template":"","format":"standard","meta":{"footnotes":""},"categories":[28],"tags":[910,1244,2979],"class_list":["post-27129","post","type-post","status-publish","format-standard","has-post-thumbnail","hentry","category-vistazo-deportivo","tag-acord-colombia","tag-acord-norte-de-santander","tag-xv-juegos-nacionales-acord"],"_links":{"self":[{"href":"https:\/\/contraluzcucuta.co\/index.php?rest_route=\/wp\/v2\/posts\/27129","targetHints":{"allow":["GET"]}}],"collection":[{"href":"https:\/\/contraluzcucuta.co\/index.php?rest_route=\/wp\/v2\/posts"}],"about":[{"href":"https:\/\/contraluzcucuta.co\/index.php?rest_route=\/wp\/v2\/types\/post"}],"author":[{"embeddable":true,"href":"https:\/\/contraluzcucuta.co\/index.php?rest_route=\/wp\/v2\/users\/1"}],"replies":[{"embeddable":true,"href":"https:\/\/contraluzcucuta.co\/index.php?rest_route=%2Fwp%2Fv2%2Fcomments&post=27129"}],"version-history":[{"count":1,"href":"https:\/\/contraluzcucuta.co\/index.php?rest_route=\/wp\/v2\/posts\/27129\/revisions"}],"predecessor-version":[{"id":27131,"href":"https:\/\/contraluzcucuta.co\/index.php?rest_route=\/wp\/v2\/posts\/27129\/revisions\/27131"}],"wp:featuredmedia":[{"embeddable":true,"href":"https:\/\/contraluzcucuta.co\/index.php?rest_route=\/wp\/v2\/media\/27130"}],"wp:attachment":[{"href":"https:\/\/contraluzcucuta.co\/index.php?rest_route=%2Fwp%2Fv2%2Fmedia&parent=27129"}],"wp:term":[{"taxonomy":"category","embeddable":true,"href":"https:\/\/contraluzcucuta.co\/index.php?rest_route=%2Fwp%2Fv2%2Fcategories&post=27129"},{"taxonomy":"post_tag","embeddable":true,"href":"https:\/\/contraluzcucuta.co\/index.php?rest_route=%2Fwp%2Fv2%2Ftags&post=27129"}],"curies":[{"name":"wp","href":"https:\/\/api.w.org\/{rel}","templated":true}]}}