{"id":27126,"date":"2016-06-05T19:00:33","date_gmt":"2016-06-06T00:00:33","guid":{"rendered":"http:\/\/contraluzcucuta.co\/?p=27126"},"modified":"2016-06-05T19:00:33","modified_gmt":"2016-06-06T00:00:33","slug":"ufps-ninos-de-san-faustino-construyen-historias","status":"publish","type":"post","link":"https:\/\/contraluzcucuta.co\/?p=27126","title":{"rendered":"UFPS. Ni\u00f1os de San Faustino construyen historias"},"content":{"rendered":"<p><strong>C\u00daCUTA.-<\/strong> Ni\u00f1os de San Faustino y estudiantes de Comunicaci\u00f3n Social de la Universidad Francisco de Paula Santander mostraron el trabajo desarrollado en el\u00a0 colegio Fray Manuel \u00c1lvarez. Mediante danzas, m\u00fasica, teatro y fotograf\u00eda evidenciaron el entorno, la expresi\u00f3n cultural y las situaciones sociales en las que est\u00e1n inmersos.<\/p>\n<p>El proyecto es resultado de la alianza acad\u00e9mico \u2013 social entre Funcarb\u00f3n y la UFPS. Por tercer a\u00f1o consecutivo se han adelantado capacitaciones, visitas acad\u00e9micas, intercambio de experiencias y acompa\u00f1amiento en los proyectos sociales de la Fundaci\u00f3n.<\/p>\n<p>\u201cEl Colectivo de Comunicaci\u00f3n es una actividad dirigida a j\u00f3venes en el uso adecuado del tiempo libre para fortalecer el liderazgo, la participaci\u00f3n y la creaci\u00f3n de herramientas que formen al estudiante de manera integral\u201d, dijo Ang\u00e9lica Garc\u00eda, representante de Funcarb\u00f3n.<\/p>\n<p>El trabajo cuenta con la asesor\u00eda de la docente Gladys Espinel y los estudiantes de s\u00e9ptimo semestre en la producci\u00f3n de contenidos medi\u00e1ticos y las actividades l\u00fadicas, formativas y de esparcimiento. El compromiso, cada semestre, es m\u00e1s significativo. Han desarrollado y afianzado el talento mediante trabajos de producci\u00f3n.<\/p>\n<p>La instituci\u00f3n se ha convertido en estandarte por la participaci\u00f3n directa de los estudiantes con los universitarios. La cooperaci\u00f3n de la UFPS ha sido fundamental y ha patrocinado con la vinculaci\u00f3n del programa de Comunicaci\u00f3n.<\/p>\n<p>Los j\u00f3venes se benefician del Colectivo de Comunicaci\u00f3n, porque se les brindan nuevos espacios, ven nuevos horizontes, exploran habilidades, mejoran el lenguaje, la ortograf\u00eda y la redacci\u00f3n, al punto que muchos han escogido como carrera la Comunicaci\u00f3n Social.<\/p>\n<p><strong>Foto: PRENSA UFPS<\/strong><\/p>\n<p>&nbsp; <\/p>\n","protected":false},"excerpt":{"rendered":"<p>C\u00daCUTA.- Ni\u00f1os de San Faustino y estudiantes de Comunicaci\u00f3n Social de la Universidad Francisco de Paula Santander mostraron el trabajo desarrollado en el\u00a0 colegio Fray Manuel \u00c1lvarez. Mediante danzas, m\u00fasica, teatro y fotograf\u00eda evidenciaron el entorno, la expresi\u00f3n cultural y las situaciones sociales en las que est\u00e1n inmersos. El proyecto es resultado de la alianza &hellip;<\/p>\n","protected":false},"author":1,"featured_media":27127,"comment_status":"open","ping_status":"open","sticky":false,"template":"","format":"standard","meta":{"footnotes":""},"categories":[74],"tags":[2597,229,161],"class_list":["post-27126","post","type-post","status-publish","format-standard","has-post-thumbnail","hentry","category-aula-universitaria","tag-aula-universitaria","tag-ufps","tag-universidad-de-pamplona"],"_links":{"self":[{"href":"https:\/\/contraluzcucuta.co\/index.php?rest_route=\/wp\/v2\/posts\/27126","targetHints":{"allow":["GET"]}}],"collection":[{"href":"https:\/\/contraluzcucuta.co\/index.php?rest_route=\/wp\/v2\/posts"}],"about":[{"href":"https:\/\/contraluzcucuta.co\/index.php?rest_route=\/wp\/v2\/types\/post"}],"author":[{"embeddable":true,"href":"https:\/\/contraluzcucuta.co\/index.php?rest_route=\/wp\/v2\/users\/1"}],"replies":[{"embeddable":true,"href":"https:\/\/contraluzcucuta.co\/index.php?rest_route=%2Fwp%2Fv2%2Fcomments&post=27126"}],"version-history":[{"count":1,"href":"https:\/\/contraluzcucuta.co\/index.php?rest_route=\/wp\/v2\/posts\/27126\/revisions"}],"predecessor-version":[{"id":27128,"href":"https:\/\/contraluzcucuta.co\/index.php?rest_route=\/wp\/v2\/posts\/27126\/revisions\/27128"}],"wp:featuredmedia":[{"embeddable":true,"href":"https:\/\/contraluzcucuta.co\/index.php?rest_route=\/wp\/v2\/media\/27127"}],"wp:attachment":[{"href":"https:\/\/contraluzcucuta.co\/index.php?rest_route=%2Fwp%2Fv2%2Fmedia&parent=27126"}],"wp:term":[{"taxonomy":"category","embeddable":true,"href":"https:\/\/contraluzcucuta.co\/index.php?rest_route=%2Fwp%2Fv2%2Fcategories&post=27126"},{"taxonomy":"post_tag","embeddable":true,"href":"https:\/\/contraluzcucuta.co\/index.php?rest_route=%2Fwp%2Fv2%2Ftags&post=27126"}],"curies":[{"name":"wp","href":"https:\/\/api.w.org\/{rel}","templated":true}]}}