{"id":27123,"date":"2016-06-05T18:48:40","date_gmt":"2016-06-05T23:48:40","guid":{"rendered":"http:\/\/contraluzcucuta.co\/?p=27123"},"modified":"2016-06-05T18:48:40","modified_gmt":"2016-06-05T23:48:40","slug":"estrechez-fiscal-forzoso-ajuste-en-departamentos-afectados-por-el-conflicto","status":"publish","type":"post","link":"https:\/\/contraluzcucuta.co\/?p=27123","title":{"rendered":"ESTRECHEZ FISCAL. Forzoso ajuste en departamentos afectados por el conflicto"},"content":{"rendered":"<p><strong>ESTRECHEZ FISCAL.<\/strong> Forzoso ajuste en departamentos afectados por el conflicto<\/p>\n<p>&nbsp;<\/p>\n<p>Los departamentos afectados por el conflicto armado interno pueden ver disminuidas las regal\u00edas en $ 3,4 billones, en el bienio 2015-2016. Norte de Santander pertenece al grupo de entidades territoriales que afrontan dificultades por la presencia de grupos alzados en armados y bandas criminales. Los municipios perjudicados con la determinaci\u00f3n son los ubicados en la zona de El Catatumbo.<\/p>\n<p>Las administraciones seccionales, entre las que se encuentra la nortesantandereana, deber\u00e1n aportar recursos propios adicionales para cumplir las metas en educaci\u00f3n y salud. La estrechez fiscal es consecuencia del ajuste que tendr\u00e1 el Sistema General de Participaciones (SGP).<\/p>\n<p>La advertencia la hizo el contralor Edgardo Maya Villaz\u00f3n en Cartagena, durante el seminario \u2018Aprendizajes y retos de la inversi\u00f3n p\u00fablica por el conflicto armado interno en Colombia\u2019. A la actividad asistieron alcaldes y secretarios de Planeaci\u00f3n de 21 municipios afectados por el conflicto armado. Por Norte de Santander estuvo el alcalde de Tib\u00fa.<\/p>\n<p>Los municipios mayormente impactados por el conflicto son los que menos capacidad fiscal tienen y, en consecuencia, disponen de menos herramientas para asumir las responsabilidades que se imponen desde Bogot\u00e1.<\/p>\n<p>La captura de las rentas p\u00fablicas que hicieron los actores ilegales que operaban en los municipios, ha tenido una directa incidencia en los resultados de la pol\u00edtica social y econ\u00f3mica, consider\u00f3 el Contralor. Ahora, la paradoja es que si bien se podr\u00e1n beneficiar con la transici\u00f3n a la paz, al tiempo tendr\u00e1n que afrontar la estrecha situaci\u00f3n fiscal actual y hacer ajustes en el destino de las inversiones p\u00fablicas.<\/p>\n<p>&#8220;Esa transici\u00f3n va a darse en una situaci\u00f3n fiscal estrecha que implicar\u00e1 en muchos casos revisar el ciclo de las pol\u00edticas, medir su real impacto y ajustar all\u00ed donde no son eficaces&#8221;, se\u00f1al\u00f3 \u00a0Edgardo Maya Villaz\u00f3n.<\/p>\n<p>El grueso de los recursos que eventualmente se inviertan como resultado de los acuerdos para el fin del conflicto, estar\u00e1n destinados a:<br \/>\n1.- La trasformaci\u00f3n rural<\/p>\n<p>2.- Los planes nacionales para las pol\u00edticas de desarrollo productivo y social<\/p>\n<p>3.- La infraestructura y los servicios<\/p>\n<p>4.- La atenci\u00f3n de la poblaci\u00f3n v\u00edctima del conflicto armado (8,4 millones en el pa\u00eds).<\/p>\n<p>A pesar del tama\u00f1o de los retos, se prev\u00e9 una disminuci\u00f3n en las regal\u00edas pues el s\u00f3lo panorama del primer trimestre del 2016 dej\u00f3 una producci\u00f3n de petr\u00f3leo por debajo del mill\u00f3n de barriles diarios. La Contralor\u00eda ha calculado que, para el bienio 2015-2016, la reducci\u00f3n de regal\u00edas se aproximar\u00e1 a los $ 5,4 billones y en el caso de las entidades territoriales ser\u00eda de $ 3,4 billones.<\/p>\n<p>Los municipios mayormente impactados por el conflicto son los que menos capacidad fiscal tienen y en consecuencia, disponen de menos herramientas para asumir las responsabilidades que desde el nivel nacional se imponen, afirm\u00f3 el Contralor Maya Villaz\u00f3n.<\/p>\n<p><strong>Foto: www.notimundo.in<\/strong> <\/p>\n","protected":false},"excerpt":{"rendered":"<p>ESTRECHEZ FISCAL. Forzoso ajuste en departamentos afectados por el conflicto &nbsp; Los departamentos afectados por el conflicto armado interno pueden ver disminuidas las regal\u00edas en $ 3,4 billones, en el bienio 2015-2016. Norte de Santander pertenece al grupo de entidades territoriales que afrontan dificultades por la presencia de grupos alzados en armados y bandas criminales. &hellip;<\/p>\n","protected":false},"author":1,"featured_media":27124,"comment_status":"open","ping_status":"open","sticky":false,"template":"","format":"standard","meta":{"footnotes":""},"categories":[4,2630],"tags":[2517,379,619],"class_list":["post-27123","post","type-post","status-publish","format-standard","has-post-thumbnail","hentry","category-barra","category-gobernacion","tag-contraloria-general-de-la-republica","tag-gobernacion-de-norte-de-santander","tag-norte-de-santander"],"_links":{"self":[{"href":"https:\/\/contraluzcucuta.co\/index.php?rest_route=\/wp\/v2\/posts\/27123","targetHints":{"allow":["GET"]}}],"collection":[{"href":"https:\/\/contraluzcucuta.co\/index.php?rest_route=\/wp\/v2\/posts"}],"about":[{"href":"https:\/\/contraluzcucuta.co\/index.php?rest_route=\/wp\/v2\/types\/post"}],"author":[{"embeddable":true,"href":"https:\/\/contraluzcucuta.co\/index.php?rest_route=\/wp\/v2\/users\/1"}],"replies":[{"embeddable":true,"href":"https:\/\/contraluzcucuta.co\/index.php?rest_route=%2Fwp%2Fv2%2Fcomments&post=27123"}],"version-history":[{"count":1,"href":"https:\/\/contraluzcucuta.co\/index.php?rest_route=\/wp\/v2\/posts\/27123\/revisions"}],"predecessor-version":[{"id":27125,"href":"https:\/\/contraluzcucuta.co\/index.php?rest_route=\/wp\/v2\/posts\/27123\/revisions\/27125"}],"wp:featuredmedia":[{"embeddable":true,"href":"https:\/\/contraluzcucuta.co\/index.php?rest_route=\/wp\/v2\/media\/27124"}],"wp:attachment":[{"href":"https:\/\/contraluzcucuta.co\/index.php?rest_route=%2Fwp%2Fv2%2Fmedia&parent=27123"}],"wp:term":[{"taxonomy":"category","embeddable":true,"href":"https:\/\/contraluzcucuta.co\/index.php?rest_route=%2Fwp%2Fv2%2Fcategories&post=27123"},{"taxonomy":"post_tag","embeddable":true,"href":"https:\/\/contraluzcucuta.co\/index.php?rest_route=%2Fwp%2Fv2%2Ftags&post=27123"}],"curies":[{"name":"wp","href":"https:\/\/api.w.org\/{rel}","templated":true}]}}