{"id":27101,"date":"2016-06-02T19:40:55","date_gmt":"2016-06-03T00:40:55","guid":{"rendered":"http:\/\/contraluzcucuta.co\/?p=27101"},"modified":"2016-06-02T19:40:55","modified_gmt":"2016-06-03T00:40:55","slug":"dia-de-las-madres-ventas-en-el-2016-prueba-no-superada-fenalco","status":"publish","type":"post","link":"https:\/\/contraluzcucuta.co\/?p=27101","title":{"rendered":"D\u00cdA DE LAS MADRES. Ventas en el 2016, prueba no superada: Fenalco"},"content":{"rendered":"<p><strong>C\u00daCUTA.-<\/strong> Las registradoras de los comercios cucute\u00f1os no se movieron, en el D\u00eda de las madres, al ritmo presupuestado por Fenalco. Los pron\u00f3sticos eran halagadores para el gremio y se cre\u00eda que habr\u00eda un aumento significativo en las ventas. Al hacer el balance, la realidad es otra.<\/p>\n<p>Los mejores augurios apuntaban a que panader\u00edas, calzado, confecciones y supermercados tendr\u00edan buena presencia de clientela. Sin embargo, las compras no superaron las efectuadas en el 2015. As\u00ed lo confirm\u00f3 la evaluaci\u00f3n cualitativa que adelant\u00f3 Fenalco al concluir la segunda fecha comercial m\u00e1s importante del a\u00f1o para el gremio.<\/p>\n<p>La Federaci\u00f3n indag\u00f3 sobre el desempe\u00f1o en ventas en la fecha comercial; primero con respecto a un fin de semana normal, y segundo, si superaron las ventas de la celebraci\u00f3n del a\u00f1o pasado. Entre las conclusiones destacan los siguientes aspectos:<\/p>\n<p>1.- \u00a0Supermercados. El aumento en ventas comparado con un fin de semana normal, es del 10 por ciento. En relaci\u00f3n con las ventas del 2015, hubo decrecimiento<\/p>\n<p>2.- Calzado y Confecciones. Si bien hubo muy buenas ventas, mayores con valores que oscilan entre el 40 y 50 por ciento, estas tampoco superan las ventas obtenidas en la celebraci\u00f3n del a\u00f1o pasado.<\/p>\n<p>3.- En igual sentido respondi\u00f3 el 40 por ciento de los Centros Comerciales encuestados.<\/p>\n<p>4.- Panader\u00edas y Florister\u00edas. Las ventas tuvieron aumentos que van desde el 60 hasta el ciento por ciento, destac\u00e1ndose como el de mayor dinamismo teniendo en cuenta que esta celebraci\u00f3n va siempre acompa\u00f1ada de torta y el ramo de flores. Si se compara con las ventas del 2015, no fueron superadas.<\/p>\n<p>\u201cEn conclusi\u00f3n, podemos afirmar que la fecha comercial del D\u00eda de las Madres fue muy importante para los comercios de la ciudad\u201d, dijo la directora ejecutiva de Fenalco, Gladys Navarro.<\/p>\n<p>Explic\u00f3 que hubo un mayor dinamismo que permiti\u00f3 cerrar las cuentas de mayo con crecimiento en ventas, pero lo que se evidenci\u00f3 es que existe una disminuci\u00f3n de la demanda por falta de empleo que se acerca al 20 por ciento en la ciudad y que merma la capacidad de compra de los cucute\u00f1os.<\/p>\n<p><strong>Foto: www.portalarganda.com<\/strong><\/p>\n<p>&nbsp; <\/p>\n","protected":false},"excerpt":{"rendered":"<p>C\u00daCUTA.- Las registradoras de los comercios cucute\u00f1os no se movieron, en el D\u00eda de las madres, al ritmo presupuestado por Fenalco. Los pron\u00f3sticos eran halagadores para el gremio y se cre\u00eda que habr\u00eda un aumento significativo en las ventas. Al hacer el balance, la realidad es otra. Los mejores augurios apuntaban a que panader\u00edas, calzado, &hellip;<\/p>\n","protected":false},"author":1,"featured_media":27102,"comment_status":"open","ping_status":"open","sticky":false,"template":"","format":"standard","meta":{"footnotes":""},"categories":[4,6],"tags":[2977,1526],"class_list":["post-27101","post","type-post","status-publish","format-standard","has-post-thumbnail","hentry","category-barra","category-ojo-avizor","tag-dia-de-las-madres-en-cucuta","tag-fenalco-norte-de-santander"],"_links":{"self":[{"href":"https:\/\/contraluzcucuta.co\/index.php?rest_route=\/wp\/v2\/posts\/27101","targetHints":{"allow":["GET"]}}],"collection":[{"href":"https:\/\/contraluzcucuta.co\/index.php?rest_route=\/wp\/v2\/posts"}],"about":[{"href":"https:\/\/contraluzcucuta.co\/index.php?rest_route=\/wp\/v2\/types\/post"}],"author":[{"embeddable":true,"href":"https:\/\/contraluzcucuta.co\/index.php?rest_route=\/wp\/v2\/users\/1"}],"replies":[{"embeddable":true,"href":"https:\/\/contraluzcucuta.co\/index.php?rest_route=%2Fwp%2Fv2%2Fcomments&post=27101"}],"version-history":[{"count":1,"href":"https:\/\/contraluzcucuta.co\/index.php?rest_route=\/wp\/v2\/posts\/27101\/revisions"}],"predecessor-version":[{"id":27103,"href":"https:\/\/contraluzcucuta.co\/index.php?rest_route=\/wp\/v2\/posts\/27101\/revisions\/27103"}],"wp:featuredmedia":[{"embeddable":true,"href":"https:\/\/contraluzcucuta.co\/index.php?rest_route=\/wp\/v2\/media\/27102"}],"wp:attachment":[{"href":"https:\/\/contraluzcucuta.co\/index.php?rest_route=%2Fwp%2Fv2%2Fmedia&parent=27101"}],"wp:term":[{"taxonomy":"category","embeddable":true,"href":"https:\/\/contraluzcucuta.co\/index.php?rest_route=%2Fwp%2Fv2%2Fcategories&post=27101"},{"taxonomy":"post_tag","embeddable":true,"href":"https:\/\/contraluzcucuta.co\/index.php?rest_route=%2Fwp%2Fv2%2Ftags&post=27101"}],"curies":[{"name":"wp","href":"https:\/\/api.w.org\/{rel}","templated":true}]}}