{"id":27097,"date":"2016-06-02T19:00:19","date_gmt":"2016-06-03T00:00:19","guid":{"rendered":"http:\/\/contraluzcucuta.co\/?p=27097"},"modified":"2016-06-02T19:03:26","modified_gmt":"2016-06-03T00:03:26","slug":"notas-al-margen-convocatoria","status":"publish","type":"post","link":"https:\/\/contraluzcucuta.co\/?p=27097","title":{"rendered":"NOTAS AL MARGEN. Convocatoria: Encuentro en pro de la trasformaci\u00f3n y el progreso fronterizos"},"content":{"rendered":"<p>1.- Ante los m\u00faltiples y variados factores que en favor y en contra, tienen asiento en la faja territorial del entorno regional y fronterizo, constituir\u00eda un buen paso y un especial aporte el lograr la convocatoria y organizaci\u00f3n del primer encuentro en pro de la trasformaci\u00f3n y el progreso regionales y fronterizos, contando con lo m\u00e1s representativo, tanto de lo p\u00fablico como de lo privado, para enfocar, analizar y buscar f\u00f3rmulas y soluciones a los requerimientos y exigencias de mayor prioridad y urgencia a uno y otro lado de los l\u00edmites.<\/p>\n<p>Una convocatoria de esta naturaleza e importancia nunca se ha efectuado y estamos siendo tard\u00edos en reaccionar y promover los ajustes y los cambios indispensables para encarar, y con \u00e9xito, la responsabilidad del obrar bien, oportuno y sensato, siendo concurrentes con los planes y programas que definan y proyecten las conclusiones que surjan de ese gran foro, al considerar y evaluar -con seriedad y amplio enfoque-\u00a0 la real situaci\u00f3n y perspectivas que se estimen de mayor prioridad y trascendencia en el orden que amerite. Y, tanto en\u00a0 lo pol\u00edtico, econ\u00f3mico y social, con las correspondientes subdivisiones y sectores que tengan m\u00e1s influjo y referencia para la comunidad y para referenciar y\u00a0 atender las\u00a0 necesidades, sin olvidar lo b\u00e1sico, para as\u00ed dar sustento al desarrollo, la competitividad, la innovaci\u00f3n y la integraci\u00f3n con otras \u00e1reas y zonas nacionales, dentro de una proyecci\u00f3n internacional que vive intermitentes alteraciones que repercuten en todas partes.<\/p>\n<p>2.- Un prop\u00f3sito y compromiso\u00a0 de esta naturaleza y alcance requiere preparaci\u00f3n y la m\u00e1s detallada estructuraci\u00f3n y conformaci\u00f3n para lo cual, lo obvio y l\u00f3gico, constituir\u00eda en adelantar acercamientos previos pidiendo\u00a0 asistencia y auxiliares a los Departamentos Nacionales de Planeaci\u00f3n de cada pa\u00eds, a los ministerios, universidades y centros de estudio, que por sus especialidades pueden cooperar y participar en los an\u00e1lisis de las propuestas y resultados, que se sometan como parte fundamental para el Plan y las alternativas que deben aprobarse para el desarrollo de estas abandonadas y marginales fajas territoriales fronterizas.<\/p>\n<p>3.- Enfatizamos en lo expuesto, porque nuestra ubicaci\u00f3n geoestrat\u00e9gica y la urgencia de aprovechar recursos, productos y ventajas comparativas, si se avanza en la obtenci\u00f3n de las bases primarias, permitir\u00eda cambiar la mentalidad, fortalecer la asociaci\u00f3n\u00a0 y otorgarle a la producci\u00f3n y al beneficio colectivo y constante la atenci\u00f3n y el giro indispensables que hasta ahora no hemos obtenido plenamente, ante el influjo de las causas, que conducen a la permanente espera, la falta de recursos, la irrupci\u00f3n del obrar facilista\u00a0 y del influjo de la informalidad, el desempleo y el rebusque \u00a0por la ausencia de planeaci\u00f3n, gu\u00edas, est\u00edmulos e incentivos que permitan asociaciones. Y, especialmente de\u00a0 uni\u00f3n, en procura de la\u00a0 ejecuci\u00f3n de proyectos y beneficios, con visi\u00f3n futurista, respaldada y motivadora.<\/p>\n<p>Sometemos a la consideraci\u00f3n de las autoridades y de la opini\u00f3n la opci\u00f3n y la vigencia de esta propuesta, ante la inaplazable necesidad de hallarle soluciones a nuestra compleja, delicada y dif\u00edcil realidad y perspectivas, tanto en lo regional, como en lo fronterizo. Y, porque es necesario dar paso a un cambio\u00a0 y\u00a0 coordinaci\u00f3n de acciones descentralizadoras y con m\u00e1s presencia y participaci\u00f3n a nuestra gente.<\/p>\n<p><strong>JOS\u00c9 NEIRA REY<\/strong><\/p>\n<p><strong><a href=\"mailto:jneirarey@hotmail.com\">jneirarey@hotmail.com<\/a><\/strong><\/p>\n<p><strong>Foto: politikaucab.net<\/strong><\/p>\n<p><strong>\u00a0<\/strong> <\/p>\n","protected":false},"excerpt":{"rendered":"<p>1.- Ante los m\u00faltiples y variados factores que en favor y en contra, tienen asiento en la faja territorial del entorno regional y fronterizo, constituir\u00eda un buen paso y un especial aporte el lograr la convocatoria y organizaci\u00f3n del primer encuentro en pro de la trasformaci\u00f3n y el progreso regionales y fronterizos, contando con lo &hellip;<\/p>\n","protected":false},"author":1,"featured_media":27098,"comment_status":"open","ping_status":"open","sticky":false,"template":"","format":"standard","meta":{"footnotes":""},"categories":[14,4],"tags":[2749,382,956],"class_list":["post-27097","post","type-post","status-publish","format-standard","has-post-thumbnail","hentry","category-articulistas","category-barra","tag-articulistas-contraluz","tag-jose-neira","tag-notas-al-margen"],"_links":{"self":[{"href":"https:\/\/contraluzcucuta.co\/index.php?rest_route=\/wp\/v2\/posts\/27097","targetHints":{"allow":["GET"]}}],"collection":[{"href":"https:\/\/contraluzcucuta.co\/index.php?rest_route=\/wp\/v2\/posts"}],"about":[{"href":"https:\/\/contraluzcucuta.co\/index.php?rest_route=\/wp\/v2\/types\/post"}],"author":[{"embeddable":true,"href":"https:\/\/contraluzcucuta.co\/index.php?rest_route=\/wp\/v2\/users\/1"}],"replies":[{"embeddable":true,"href":"https:\/\/contraluzcucuta.co\/index.php?rest_route=%2Fwp%2Fv2%2Fcomments&post=27097"}],"version-history":[{"count":2,"href":"https:\/\/contraluzcucuta.co\/index.php?rest_route=\/wp\/v2\/posts\/27097\/revisions"}],"predecessor-version":[{"id":27100,"href":"https:\/\/contraluzcucuta.co\/index.php?rest_route=\/wp\/v2\/posts\/27097\/revisions\/27100"}],"wp:featuredmedia":[{"embeddable":true,"href":"https:\/\/contraluzcucuta.co\/index.php?rest_route=\/wp\/v2\/media\/27098"}],"wp:attachment":[{"href":"https:\/\/contraluzcucuta.co\/index.php?rest_route=%2Fwp%2Fv2%2Fmedia&parent=27097"}],"wp:term":[{"taxonomy":"category","embeddable":true,"href":"https:\/\/contraluzcucuta.co\/index.php?rest_route=%2Fwp%2Fv2%2Fcategories&post=27097"},{"taxonomy":"post_tag","embeddable":true,"href":"https:\/\/contraluzcucuta.co\/index.php?rest_route=%2Fwp%2Fv2%2Ftags&post=27097"}],"curies":[{"name":"wp","href":"https:\/\/api.w.org\/{rel}","templated":true}]}}