{"id":27082,"date":"2016-05-31T22:05:38","date_gmt":"2016-06-01T03:05:38","guid":{"rendered":"http:\/\/contraluzcucuta.co\/?p=27082"},"modified":"2016-05-31T22:05:38","modified_gmt":"2016-06-01T03:05:38","slug":"deporte-aficionado-cucuta-sede-de-los-juegos-acord-2017","status":"publish","type":"post","link":"https:\/\/contraluzcucuta.co\/?p=27082","title":{"rendered":"DEPORTE AFICIONADO. C\u00facuta, sede de los Juegos Acord 2017"},"content":{"rendered":"<p><strong>CUCUTA.-<\/strong> Un\u00e1nime ha sido el respaldo de autoridades del deporte, del Gobierno y de los medios de comunicaci\u00f3n a la organizaci\u00f3n de los XV Juegos para periodistas deportivos de Acord en la ciudad.<\/p>\n<p>As\u00ed qued\u00f3 en evidencia despu\u00e9s de la presentaci\u00f3n que tuvo lugar en la capital nortesantandereana. El Canal TRO (Televisi\u00f3n Regional de Oriente) anunci\u00f3 la cobertura especial para el certamen, del 8 al 14 de enero de 2017, con participaci\u00f3n de 600 periodistas deportivos.<\/p>\n<p>Los Juegos se disputar\u00e1n en ajedrez, atletismo, billar, bolo, ciclismo, f\u00fatbol, f\u00fatbol de sal\u00f3n, tenis de mesa, tejo y voleibol, en escenarios de C\u00facuta utilizados para los Juegos Nacionales 2012 y que se encuentran en magn\u00edficas condiciones.<\/p>\n<p>Acord hizo un recorrido por varios de los escenarios que podr\u00edan ser utilizados en los Juegos y una vez queden definidas las instalaciones para el evento, se proceder\u00e1 a las adecuaciones pertinentes conjuntamente con la Alcald\u00eda, el Instituto Municipal de Deportes y el ente deportivo departamental.<\/p>\n<p>El alcalde C\u00e8sar rojas y el director de Indenorte, David Castillo, ratificaron la vinculaci\u00f3n. \u201cUstedes son aliados magn\u00edficos para nuestros prop\u00f3sitos y por eso los queremos tener aqu\u00ed en C\u00facuta, no solo en los Juegos del 2017, sino en todas nuestras actividades con las que buscamos salir del t\u00fanel en el que nos hemos sumergido\u201d, dijo Rojas Ayala.<\/p>\n<p>El presidente de Acord, Carlos Julio Castellanos, anot\u00f3 que \u201cquisimos que esta ciudad fronteriza fuera la sede para que 600 periodistas disfruten de las bondades y la pujanza\u00a0 de esta regi\u00f3n emprendedora. Vamos a ser testigos del resurgimiento de un departamento y de una ciudad injustamente castigadas con absurdos cierres de fronteras y no obstante sus consecuencias, se mantiene altiva y con la fuerza necesaria para demostrar la casta de sus moradores\u201d.<\/p>\n<p>\u00c1lvaro Ariza, de Acord Tolima; \u00c1ngelo Arbel\u00e1ez, de Acord Valle, y Pedro J\u00e1uregui, de Acord Norte de Santander, integran el Comit\u00e9 de Deportes para definir en detalle reglamentos, normas y par\u00e1metros t\u00e9cnicos que orientar\u00e1n los Juegos.<\/p>\n<p>Acord Norte de Santander recibi\u00f3 la bandera de los Juegos trasladada desde Cali, en donde tuvo lugar la edici\u00f3n 14 del certamen deportivo para los periodistas.<\/p>\n<p>Los Juegos en C\u00facuta tendr\u00e1n especial significaci\u00f3n debido a que ser\u00e1n clasificatorios para los III Juegos AIPS Am\u00e9rica que se cumplir\u00e1n en Tijuana (M\u00e9xico), en la tercera semana de febrero de 2017.<\/p>\n<p>Los directivos de Acord regresaron con satisfacci\u00f3n por las manifestaciones de respaldo por parte de las administraciones departamental y municipal, y por el compromiso de directivos y asociados de Acord Norte de Santander para asumir con Acord Colombia, la organizaci\u00f3n general.<\/p>\n<p>&nbsp;<\/p>\n<p>A mediados de julio se cumplir\u00e1 una nueva visita para definir escenarios y proyectar la etapa final de preparaci\u00f3n.<\/p>\n<p><strong>Foto: PRENSA ACORD<\/strong><\/p>\n<p>&nbsp; <\/p>\n","protected":false},"excerpt":{"rendered":"<p>CUCUTA.- Un\u00e1nime ha sido el respaldo de autoridades del deporte, del Gobierno y de los medios de comunicaci\u00f3n a la organizaci\u00f3n de los XV Juegos para periodistas deportivos de Acord en la ciudad. As\u00ed qued\u00f3 en evidencia despu\u00e9s de la presentaci\u00f3n que tuvo lugar en la capital nortesantandereana. El Canal TRO (Televisi\u00f3n Regional de Oriente) &hellip;<\/p>\n","protected":false},"author":1,"featured_media":27083,"comment_status":"open","ping_status":"open","sticky":false,"template":"","format":"standard","meta":{"footnotes":""},"categories":[28],"tags":[910,1244,2974],"class_list":["post-27082","post","type-post","status-publish","format-standard","has-post-thumbnail","hentry","category-vistazo-deportivo","tag-acord-colombia","tag-acord-norte-de-santander","tag-juegos-acord-2017"],"_links":{"self":[{"href":"https:\/\/contraluzcucuta.co\/index.php?rest_route=\/wp\/v2\/posts\/27082","targetHints":{"allow":["GET"]}}],"collection":[{"href":"https:\/\/contraluzcucuta.co\/index.php?rest_route=\/wp\/v2\/posts"}],"about":[{"href":"https:\/\/contraluzcucuta.co\/index.php?rest_route=\/wp\/v2\/types\/post"}],"author":[{"embeddable":true,"href":"https:\/\/contraluzcucuta.co\/index.php?rest_route=\/wp\/v2\/users\/1"}],"replies":[{"embeddable":true,"href":"https:\/\/contraluzcucuta.co\/index.php?rest_route=%2Fwp%2Fv2%2Fcomments&post=27082"}],"version-history":[{"count":1,"href":"https:\/\/contraluzcucuta.co\/index.php?rest_route=\/wp\/v2\/posts\/27082\/revisions"}],"predecessor-version":[{"id":27084,"href":"https:\/\/contraluzcucuta.co\/index.php?rest_route=\/wp\/v2\/posts\/27082\/revisions\/27084"}],"wp:featuredmedia":[{"embeddable":true,"href":"https:\/\/contraluzcucuta.co\/index.php?rest_route=\/wp\/v2\/media\/27083"}],"wp:attachment":[{"href":"https:\/\/contraluzcucuta.co\/index.php?rest_route=%2Fwp%2Fv2%2Fmedia&parent=27082"}],"wp:term":[{"taxonomy":"category","embeddable":true,"href":"https:\/\/contraluzcucuta.co\/index.php?rest_route=%2Fwp%2Fv2%2Fcategories&post=27082"},{"taxonomy":"post_tag","embeddable":true,"href":"https:\/\/contraluzcucuta.co\/index.php?rest_route=%2Fwp%2Fv2%2Ftags&post=27082"}],"curies":[{"name":"wp","href":"https:\/\/api.w.org\/{rel}","templated":true}]}}