{"id":27073,"date":"2016-05-31T20:57:40","date_gmt":"2016-06-01T01:57:40","guid":{"rendered":"http:\/\/contraluzcucuta.co\/?p=27073"},"modified":"2016-05-31T20:57:40","modified_gmt":"2016-06-01T01:57:40","slug":"carta-abierta-senor-presidente-hay-que-ir-el-tarra","status":"publish","type":"post","link":"https:\/\/contraluzcucuta.co\/?p=27073","title":{"rendered":"CARTA ABIERTA. Se\u00f1or Presidente, hay que ir a El Tarra"},"content":{"rendered":"<p><strong>EL TARRA \u2013 Norte de Santander.-<\/strong> Esta frase me hace recordar a mi abuela Rita Josefa, una se\u00f1ora cat\u00f3lica de car\u00e1cter a la que no le faltaba una tabla pegada a la pared con un mont\u00f3n de santos y a los que de d\u00eda y de noche los alumbraba una l\u00e1mpara de aceite de t\u00e1rtago o higuerilla, y yo siempre miraba los cachetes colorados de los pobres santos por que la lumbre les quedaba muy cerca y finalmente el humo los dejaba tan negros que ni se reconoc\u00eda uno de otro todos se parec\u00edan a San Martin de Porres. Se\u00f1or presidente perm\u00edtame decirle que valoro su esfuerzo por pacificar nuestro hermoso pa\u00eds por la v\u00eda del dialogo y que cuando escucho las cr\u00edticas infundadas, pareciera que hay muchos Colombianos y Colombianas que quieren que sigamos viviendo en el conflicto que sufrimos desde hace m\u00e1s de cincuenta a\u00f1os, \u00a1claro como no les afecta o ser\u00e1 que algunos les favorece!, \u00a1qui\u00e9n sabe! En este tema lo aliento para que siga adelante y logre dialogar con todos los grupos alzados en armas, pues es m\u00e1s f\u00e1cil arreglar los conflictos hablando que echando la bala.<\/p>\n<p>Sin embargo, se\u00f1or presidente con la apreciaci\u00f3n de comparar al Catatumbo con el Bronx, ah\u00ed si yo creo que le paso lo de mi abuela con el altar, vio todos santos del mismo color, yo dije, bueno ser\u00e1 que se dej\u00f3 influenciar por la reciente actividad que se hizo en Bogot\u00e1 en la calle del Bronx, lugar adonde se refugiaron los seres humanos que cayeron en la indigencia y que desplazados del cartucho no se les busc\u00f3 un programa de rehabilitaci\u00f3n, pues no les quedo otra que meterse en alguna parte, bueno no es de extra\u00f1ar pues todos los gobiernos as\u00ed han tratado a los desplazados. Pero a estas horas ya terminando dos periodos de gobierno, cuando debe tenerse un diagn\u00f3stico de la problem\u00e1tica social del universo Colombiano, se\u00f1or presidente respetuosamente digo que no es justo que se pueda confundir al Catatumbo y a su gente con un lugar de tan lamentable descomposici\u00f3n social y sin ninguna esperanza. Al respecto, presidente para que tenga un acercamiento a la realidad del Catatumbo, con todo respeto le presento el siguiente escenario que refleja la situaci\u00f3n social y de violencia espec\u00edficamente de El Tarra (municipio ubicado en el coraz\u00f3n de la regi\u00f3n del Catatumbo) con la intensi\u00f3n genuina:<\/p>\n<ol>\n<li><strong> Que si en el Catatumbo se cultiva coca<\/strong>, es innegable y necio contradecirlo, pero igualmente pregunto se\u00f1or presidente \u00bfser\u00e1 que alg\u00fan gobierno ha hecho un an\u00e1lisis del por qu\u00e9 los campesinos cayeron en estas pr\u00e1cticas de cultivos il\u00edcitos? y \u00bfqu\u00e9 programas de inversi\u00f3n social se han hecho para hacer que los campesinos retomen practicas agropecuarias licitas?; como dicen los brujos \u201c yo digo lo que veo\u201d, la mayor\u00eda de la fincas no tienen t\u00edtulos pues un gran porcentaje del territorio Tarrense figura como una reserva forestal protegida por Ley 2 de 1959, y por lo tanto no tienen acceso al cr\u00e9dito adem\u00e1s que no existe ning\u00fan banco en la localidad, los jornales son costosos, las v\u00edas en su mayor\u00eda no las arregla el estado, lo hacen las comunidades a trav\u00e9s de peajes voluntarios organizados por la misma comunidad, en este momento que se encuentra cerrada la frontera ha bajado el contrabando de productos agropecuarios, aunque todav\u00eda llega en menor cantidad haciendo que no se pueda competir en precios.<\/li>\n<li><strong> Y si me preguntan que hay grupos guerrilleros<\/strong>, pues yo digo que en algo se parecen a Dios, uno no los ve pero est\u00e1n en todas partes, posee unas estructuras de organizaci\u00f3n que les permite dominar y permanecer en el territorio y adem\u00e1s hacer cumplir sus leyes porque d\u00e9jeme decirle que all\u00ed se cumple con la legislaci\u00f3n estatal y la de los movimientos subversivos; pero esto no solamente es un fen\u00f3meno de El Tarra, pues en cincuenta a\u00f1os de abandono del estado, es muy simple pensar que han logrado ejercer dominio de muchas regiones del pa\u00eds.<\/li>\n<li><strong> Algo que me parce muy importante es la fortaleza<\/strong>, la capacidad de funcionamiento y el reconocimiento que se tiene a las juntas de Acci\u00f3n Comunal, all\u00ed si funciona el comit\u00e9 conciliador pr\u00e1cticamente como una primera instancia judicial y se ha logrado que sus decisiones se respeten.<\/li>\n<li><strong> Con respecto a la educaci\u00f3n pudiera decir lo siguiente <\/strong>someramente, la semana anterior los profesores contratados por la Corporaci\u00f3n Paz y Futuro, se encontraban en un cese de actividades exigiendo algunas cosas que carajo no hay derecho, por ejemplo: que el contrato de este a\u00f1o es m\u00e1s bajo que el del a\u00f1o pasado, que a esta hora no les han pagado una bonificaci\u00f3n de dif\u00edcil acceso del a\u00f1o 2015 y que dicha bonificaci\u00f3n se la pagan a unos pocos, a los bachilleres que trabajan con la misma dificultad y con menos dinero no les reconocen porque son bachilleres, pero es que adem\u00e1s hay escuelas donde no contratan ni normalistas ni licenciados y es que ni les entregan copia del contrato, bueno y si les sacamos cuentas ese salario se queda en el transporte y el incentivo para los estudiantes donde est\u00e1, a esta fecha no han empezado a funcionar los restaurantes escolares, esto entre muchas otras cosas.<\/li>\n<li><strong> En salud no quiero hablar<\/strong> en este corto pliego porque ah\u00ed si no terminar\u00eda ni con una resma de papel y es que con nuestro sistema de salud, los recursos no est\u00e1n orientados ni a la prevenci\u00f3n ni a la protecci\u00f3n del derecho, pero solo quiero decirle una sola cosita, que se haga una promoci\u00f3n y prevenci\u00f3n m\u00e1s efectiva y que las personas que est\u00e9n en el r\u00e9gimen subsidiado sean atendidas en cualquier parte de Colombia porque hay mucha gente que se traslada de una parte a otra en busca de trabajo y no pueden asistir al m\u00e9dico porque se cansan de pedir traslados y nunca se hacen y esa platica se queda en otros bolcillos.<\/li>\n<li><strong> Y si le echamos un repasito a la situaci\u00f3n de la v\u00edctimas de la violencia<\/strong>, hay que empezar diciendo que aqu\u00ed se muestra la fortaleza del Tarrense, a pesar de haber sufrido un sin n\u00famero de muertes que dejo montones de viudas, hu\u00e9rfanos, de abusos sexuales, de haber perdido sus tierras, sus casas, hasta sus ropas y trastos de la cocina, y despu\u00e9s cansarse de pagar escondederos y llevar del bulto, les toco volver por su propia cuenta y riesgo sin ning\u00fan acompa\u00f1amiento ni programa de retorno, llorando para dentro para no dejar ver la debilidad humana y volver a empezar solos sin la ayuda de nadie, que capacidad de resiliencia. Y bueno estas v\u00edctimas a\u00fan siguen esperando la indemnizaci\u00f3n, siguen esperando un programa de vivienda que nunca llega ni llegara por lo menos a la gente del campo que no tiene propiedad del terreno que ocupa, porque como ya lo dije figura como reserva forestal y le cuento presidente que a muchas v\u00edctimas se les han perdido los auxilios por falta de informaci\u00f3n y es que hay que saberse tal cual oraci\u00f3n cuando se trata de hacer una llamada y cuando entra para que no se caiga y eso en el casco urbano porque en el campo \u201cnanai cucas\u201d y lo mismo con el internet y as\u00ed pretenden hacer la tal encuesta PAARI a trav\u00e9s de llamadas, necesitamos una gran jornada presencial siquiera de una semana y con por lo menos treinta enlaces y adem\u00e1s dejar un punto de enlace hasta que se surta todo el proceso, pero no me perdonar\u00eda los quijotes Tarrenses sino le cuento se\u00f1or presidente que los j\u00f3venes hijos de la victimas con grandes esfuerzos mandan a sus hijos a estudiar y una minor\u00eda al salir bachiller por su propia cuenta hacen la marat\u00f3nica traves\u00eda a Oca\u00f1a o a C\u00facuta para lograr entrar a los claustros universitarios, estos tambi\u00e9n tienen la esperanza de un subsidio y constantemente y a cada rato pasan por la personer\u00eda a verificar si ya el ICTEX abri\u00f3 convocatoria de cr\u00e9ditos para las v\u00edctimas de El Tarra y la respuesta es igual, NO, y sin embargo ya tiene El Tarra varios profesionales, deber\u00edan dar unos cupos directos para los hijos de las v\u00edctimas que quiera estudiar en la universidad . Y se me olvidaba contarle algo sobre v\u00edctimas, hay algunos m\u00ednimos casos que la suerte los ha favorecido con un auxilio para arreglo de vivienda como de siete millones, pero hay que hacer un contrato con un ingeniero pero adem\u00e1s conseguirse el dinero anticipado y hacer la obra y despu\u00e9s que le verifiquen si quedo bien o no para el visto bueno y as\u00ed poder hacer la cuenta para que le giren, de ad\u00f3nde va a sacar el dinero si eso es lo que no hay, \u00a1qu\u00e9 suerte!.<\/li>\n<li><strong> Se\u00f1or presidente la situaci\u00f3n de El Tarra y del Catatumbo, no se soluciona con m\u00e1s violencia<\/strong>, creo que no hay necesidad de sacrificar m\u00e1s Colombianos del lado que sea, se necesita un equipo presencia institucional instalada en la zona y se haga un an\u00e1lisis de fondo junto con la administraci\u00f3n Municipal, las juntas de Acci\u00f3n comunal y las organizaciones sociales y de esta manera poder hacer programas y proyectos reales. Es que no s\u00e9 porque me da la impresi\u00f3n que muchas de las pol\u00edticas p\u00fablicas son discordantes con las realidades sociales.<\/li>\n<li><strong> Finalmente se\u00f1or presidente con todo respeto le digo que hay que ir a El Tarra<\/strong> parte del Catatumbo y conocer de cerca esa gente humilde, buena llena de historia y con una ni\u00f1ez y juventud creciente con principios \u00e9ticos, morales y culturales y aunque suene parad\u00f3jico lejos de las drogas, con ganas de seguir luchando para salir del ostracismo estatal.<\/li>\n<\/ol>\n<p>En espera que el se\u00f1or residente mire a El Tarra y a todo el Catatumbo con ojos de inversi\u00f3n social y augurando \u00e9xitos en el proceso de paz, me suscribo.<\/p>\n<p><strong>MIGUEL O. DUARTE ARDILA<\/strong><\/p>\n<p><strong>Personero de El Tarra<\/strong><\/p>\n<p><strong>Foto: mapio.net<\/strong><\/p>\n<p><strong>\u00a0<\/strong> <\/p>\n","protected":false},"excerpt":{"rendered":"<p>EL TARRA \u2013 Norte de Santander.- Esta frase me hace recordar a mi abuela Rita Josefa, una se\u00f1ora cat\u00f3lica de car\u00e1cter a la que no le faltaba una tabla pegada a la pared con un mont\u00f3n de santos y a los que de d\u00eda y de noche los alumbraba una l\u00e1mpara de aceite de t\u00e1rtago &hellip;<\/p>\n","protected":false},"author":1,"featured_media":27074,"comment_status":"open","ping_status":"open","sticky":false,"template":"","format":"standard","meta":{"footnotes":""},"categories":[4,32],"tags":[710,671],"class_list":["post-27073","post","type-post","status-publish","format-standard","has-post-thumbnail","hentry","category-barra","category-recorrido-por-la-region","tag-crisis-en-el-catatumbo","tag-el-tarra"],"_links":{"self":[{"href":"https:\/\/contraluzcucuta.co\/index.php?rest_route=\/wp\/v2\/posts\/27073","targetHints":{"allow":["GET"]}}],"collection":[{"href":"https:\/\/contraluzcucuta.co\/index.php?rest_route=\/wp\/v2\/posts"}],"about":[{"href":"https:\/\/contraluzcucuta.co\/index.php?rest_route=\/wp\/v2\/types\/post"}],"author":[{"embeddable":true,"href":"https:\/\/contraluzcucuta.co\/index.php?rest_route=\/wp\/v2\/users\/1"}],"replies":[{"embeddable":true,"href":"https:\/\/contraluzcucuta.co\/index.php?rest_route=%2Fwp%2Fv2%2Fcomments&post=27073"}],"version-history":[{"count":1,"href":"https:\/\/contraluzcucuta.co\/index.php?rest_route=\/wp\/v2\/posts\/27073\/revisions"}],"predecessor-version":[{"id":27075,"href":"https:\/\/contraluzcucuta.co\/index.php?rest_route=\/wp\/v2\/posts\/27073\/revisions\/27075"}],"wp:featuredmedia":[{"embeddable":true,"href":"https:\/\/contraluzcucuta.co\/index.php?rest_route=\/wp\/v2\/media\/27074"}],"wp:attachment":[{"href":"https:\/\/contraluzcucuta.co\/index.php?rest_route=%2Fwp%2Fv2%2Fmedia&parent=27073"}],"wp:term":[{"taxonomy":"category","embeddable":true,"href":"https:\/\/contraluzcucuta.co\/index.php?rest_route=%2Fwp%2Fv2%2Fcategories&post=27073"},{"taxonomy":"post_tag","embeddable":true,"href":"https:\/\/contraluzcucuta.co\/index.php?rest_route=%2Fwp%2Fv2%2Ftags&post=27073"}],"curies":[{"name":"wp","href":"https:\/\/api.w.org\/{rel}","templated":true}]}}