{"id":27050,"date":"2016-05-29T17:04:47","date_gmt":"2016-05-29T22:04:47","guid":{"rendered":"http:\/\/contraluzcucuta.co\/?p=27050"},"modified":"2016-05-29T17:04:47","modified_gmt":"2016-05-29T22:04:47","slug":"secretaria-de-posconflicto-dignificacion-de-las-madres-por-la-vida","status":"publish","type":"post","link":"https:\/\/contraluzcucuta.co\/?p=27050","title":{"rendered":"SECRETAR\u00cdA DE POSCONFLICTO. Dignificaci\u00f3n de las madres por la vida"},"content":{"rendered":"<p><strong>C\u00daCUTA.-<\/strong> Las mujeres v\u00edctimas del conflicto armado celebraron el D\u00eda de las Madres en C\u00facuta. La Secretar\u00eda de Posconflicto y Cultura de Paz organiz\u00f3 la actividad \u2018Dignificaci\u00f3n de las madres por la vida\u2019 para darles importancia en esta fecha. El \u00a0acto sirvi\u00f3 para dignificar a las mujeres que han sufrido por la violencia que deja la guerra en el pa\u00eds.<\/p>\n<p>Las protagonistas de la tarde fueron las madres, que contaron parte de su vida y sus experiencias dentro de un entorno poco tolerante y escaso de oportunidades. La titular del despacho Omaira Gonz\u00e1lez estuvo al frente del homenaje y el reconocimiento.<\/p>\n<p>\u201cMujeres ustedes no est\u00e1n solas. Esto es una peque\u00f1a muestra de lo mucho que nos importan. Este evento fue pensado en ustedes, no es cualquier evento, es un espacio donde pueden identificarse y sentirse a gusto\u201d, dijo Gonz\u00e1lez Vera.<\/p>\n<p>Empresas, instituciones, funcionarios y personas naturales se sumaron a la actividad con la donaci\u00f3n de detalles o el apadrinamiento de una mujer v\u00edctima del conflicto armado. El acto fue una muestra de sensibilizaci\u00f3n ante el dolor que han sufrido por la vulneraci\u00f3n de los derechos.<\/p>\n<p><strong>Foto: PRENSA ALCALD\u00cdA<\/strong> <\/p>\n","protected":false},"excerpt":{"rendered":"<p>C\u00daCUTA.- Las mujeres v\u00edctimas del conflicto armado celebraron el D\u00eda de las Madres en C\u00facuta. La Secretar\u00eda de Posconflicto y Cultura de Paz organiz\u00f3 la actividad \u2018Dignificaci\u00f3n de las madres por la vida\u2019 para darles importancia en esta fecha. El \u00a0acto sirvi\u00f3 para dignificar a las mujeres que han sufrido por la violencia que deja &hellip;<\/p>\n","protected":false},"author":1,"featured_media":27051,"comment_status":"open","ping_status":"open","sticky":false,"template":"","format":"standard","meta":{"footnotes":""},"categories":[2625],"tags":[226,2882],"class_list":["post-27050","post","type-post","status-publish","format-standard","has-post-thumbnail","hentry","category-alcaldia-de-cucuta","tag-alcaldia-de-cucuta","tag-secretaria-del-posconflicto"],"_links":{"self":[{"href":"https:\/\/contraluzcucuta.co\/index.php?rest_route=\/wp\/v2\/posts\/27050","targetHints":{"allow":["GET"]}}],"collection":[{"href":"https:\/\/contraluzcucuta.co\/index.php?rest_route=\/wp\/v2\/posts"}],"about":[{"href":"https:\/\/contraluzcucuta.co\/index.php?rest_route=\/wp\/v2\/types\/post"}],"author":[{"embeddable":true,"href":"https:\/\/contraluzcucuta.co\/index.php?rest_route=\/wp\/v2\/users\/1"}],"replies":[{"embeddable":true,"href":"https:\/\/contraluzcucuta.co\/index.php?rest_route=%2Fwp%2Fv2%2Fcomments&post=27050"}],"version-history":[{"count":1,"href":"https:\/\/contraluzcucuta.co\/index.php?rest_route=\/wp\/v2\/posts\/27050\/revisions"}],"predecessor-version":[{"id":27052,"href":"https:\/\/contraluzcucuta.co\/index.php?rest_route=\/wp\/v2\/posts\/27050\/revisions\/27052"}],"wp:featuredmedia":[{"embeddable":true,"href":"https:\/\/contraluzcucuta.co\/index.php?rest_route=\/wp\/v2\/media\/27051"}],"wp:attachment":[{"href":"https:\/\/contraluzcucuta.co\/index.php?rest_route=%2Fwp%2Fv2%2Fmedia&parent=27050"}],"wp:term":[{"taxonomy":"category","embeddable":true,"href":"https:\/\/contraluzcucuta.co\/index.php?rest_route=%2Fwp%2Fv2%2Fcategories&post=27050"},{"taxonomy":"post_tag","embeddable":true,"href":"https:\/\/contraluzcucuta.co\/index.php?rest_route=%2Fwp%2Fv2%2Ftags&post=27050"}],"curies":[{"name":"wp","href":"https:\/\/api.w.org\/{rel}","templated":true}]}}