{"id":27001,"date":"2016-05-24T19:50:41","date_gmt":"2016-05-25T00:50:41","guid":{"rendered":"http:\/\/contraluzcucuta.co\/?p=27001"},"modified":"2016-05-24T19:50:41","modified_gmt":"2016-05-25T00:50:41","slug":"brigada-de-salud-atencion-comunidades-bari-uwa-inga-y-quechua","status":"publish","type":"post","link":"https:\/\/contraluzcucuta.co\/?p=27001","title":{"rendered":"BRIGADA DE SALUD. Atenci\u00f3n a comunidades bar\u00ed, u\u2019wa, inga y quechua"},"content":{"rendered":"<p><strong>C\u00daCUTA.-<\/strong> Miembros de las comunidades bar\u00ed, u\u2019wa, inga y quechua residentes en C\u00facuta participaron en la brigada de salud orientada a adultos mayores, ni\u00f1os y adolescentes. La actividad se cumpli\u00f3 en el puesto de salud del barrio Bel\u00e9n.<\/p>\n<p>En la jornada especial de salud bucal, 75 pacientes recibieron limpieza, fl\u00faor y chequeo general para mantener el bienestar oral. A otros, se les entregaron monturas y lentes, si costo. Los ni\u00f1os fueron atendidos para desparasitarlos y se les aplic\u00f3 la \u00a0vacuna contra la influenza. Los m\u00e9dicos les tomaron los signos vitales, ofrecieron charlas educativas y controlaron el peso.<\/p>\n<p>En la parte recreativa, participaron en los pintucaritas y juegos tradicionales. La iniciativa tuvo acogida entre las etnias, que agradecieron esta actividad y reconocieron que ning\u00fan estamento p\u00fablico o privado hab\u00eda llegado hasta esos sectores.<\/p>\n<p>M\u00e9dicos, enfermeras y auxiliares de enfermer\u00eda respondieron a la convocatoria de la Secretaria de Desarrollo Social de Norte de Santander, Ruby Chac\u00f3n, para llevar atenci\u00f3n en salud a las comunidades necesitadas.<\/p>\n<p>\u201cEs el momento de que este tipo de acciones se tomen los barrios y es lo que estamos haciendo\u201d, dijo la funcionaria. Las jornadas sirven para descentralizar los servicios y descongestionar la atenci\u00f3n en el hospital Erasmo Meoz.<\/p>\n<p>\u201cMuchos ni\u00f1os no reciben atenci\u00f3n m\u00e9dica, porque no tienen facilidades para acudir a los centros de salud. Por eso damos prioridad a la atenci\u00f3n oportuna de ni\u00f1os y adolescentes\u201d, expres\u00f3 la funcionaria.<\/p>\n<p>La jornada cont\u00f3 con el apoyo del Instituto Departamental de Salud (IDS), Club Rotario de San Jos\u00e9 de C\u00facuta, Instituto Cardioneuromuscular, Ej\u00e9rcito, Comfaoriente, Academia Los \u00c1ngeles y Universidad Antonio Nari\u00f1o.<\/p>\n<p><strong>Foto: PRENSA \u2013 GOBERNACI\u00d3N<\/strong><\/p>\n<p>&nbsp; <\/p>\n","protected":false},"excerpt":{"rendered":"<p>C\u00daCUTA.- Miembros de las comunidades bar\u00ed, u\u2019wa, inga y quechua residentes en C\u00facuta participaron en la brigada de salud orientada a adultos mayores, ni\u00f1os y adolescentes. La actividad se cumpli\u00f3 en el puesto de salud del barrio Bel\u00e9n. En la jornada especial de salud bucal, 75 pacientes recibieron limpieza, fl\u00faor y chequeo general para mantener &hellip;<\/p>\n","protected":false},"author":1,"featured_media":27002,"comment_status":"open","ping_status":"open","sticky":false,"template":"","format":"standard","meta":{"footnotes":""},"categories":[2630],"tags":[2966,379,2965],"class_list":["post-27001","post","type-post","status-publish","format-standard","has-post-thumbnail","hentry","category-gobernacion","tag-comunidades-indigenas","tag-gobernacion-de-norte-de-santander","tag-secretaria-de-salud-departamental"],"_links":{"self":[{"href":"https:\/\/contraluzcucuta.co\/index.php?rest_route=\/wp\/v2\/posts\/27001","targetHints":{"allow":["GET"]}}],"collection":[{"href":"https:\/\/contraluzcucuta.co\/index.php?rest_route=\/wp\/v2\/posts"}],"about":[{"href":"https:\/\/contraluzcucuta.co\/index.php?rest_route=\/wp\/v2\/types\/post"}],"author":[{"embeddable":true,"href":"https:\/\/contraluzcucuta.co\/index.php?rest_route=\/wp\/v2\/users\/1"}],"replies":[{"embeddable":true,"href":"https:\/\/contraluzcucuta.co\/index.php?rest_route=%2Fwp%2Fv2%2Fcomments&post=27001"}],"version-history":[{"count":1,"href":"https:\/\/contraluzcucuta.co\/index.php?rest_route=\/wp\/v2\/posts\/27001\/revisions"}],"predecessor-version":[{"id":27003,"href":"https:\/\/contraluzcucuta.co\/index.php?rest_route=\/wp\/v2\/posts\/27001\/revisions\/27003"}],"wp:featuredmedia":[{"embeddable":true,"href":"https:\/\/contraluzcucuta.co\/index.php?rest_route=\/wp\/v2\/media\/27002"}],"wp:attachment":[{"href":"https:\/\/contraluzcucuta.co\/index.php?rest_route=%2Fwp%2Fv2%2Fmedia&parent=27001"}],"wp:term":[{"taxonomy":"category","embeddable":true,"href":"https:\/\/contraluzcucuta.co\/index.php?rest_route=%2Fwp%2Fv2%2Fcategories&post=27001"},{"taxonomy":"post_tag","embeddable":true,"href":"https:\/\/contraluzcucuta.co\/index.php?rest_route=%2Fwp%2Fv2%2Ftags&post=27001"}],"curies":[{"name":"wp","href":"https:\/\/api.w.org\/{rel}","templated":true}]}}