{"id":26961,"date":"2016-05-19T18:44:05","date_gmt":"2016-05-19T23:44:05","guid":{"rendered":"http:\/\/contraluzcucuta.co\/?p=26961"},"modified":"2016-05-19T18:44:05","modified_gmt":"2016-05-19T23:44:05","slug":"desempleo-en-cucuta-falta-de-oportunidades-laborales-problema-serio","status":"publish","type":"post","link":"https:\/\/contraluzcucuta.co\/?p=26961","title":{"rendered":"DESEMPLEO EN C\u00daCUTA. Falta de oportunidades laborales, problema serio"},"content":{"rendered":"<p><strong>C\u00daCUTA.-<\/strong> La falta de oportunidades laborales es uno de los principales problemas que afectan a C\u00facuta. Ante las \u00faltimas cifras que ubican a la ciudad con altos \u00edndices en l desocupaci\u00f3n, la C\u00e1mara de Comercio y el Sena se sentaron a la mesa para buscar salidas inmediatas.<\/p>\n<p>\u201cSon dos entidades que, juntas, pueden ofrecerle muchas cosas buenas a la ciudad y que contribuyan al desarrollo y progreso\u201d, dijo Carlos Luna, presidente de la c\u00e1mara. En la reuni\u00f3n se analizaron los servicios que ofrece el Servicio Nacional de Aprendizaje.<\/p>\n<p>Entre los puntos tratados destacan:<\/p>\n<p>1.- Formaci\u00f3n y certificaci\u00f3n por competencias laborales<\/p>\n<p>2.- Caracterizaci\u00f3n de la producci\u00f3n<\/p>\n<p>3.- Posibilidades de alianzas internacionales que permitan abrir nuevos mercados y espacios de capacitaci\u00f3n<\/p>\n<p>4.- Actualizaci\u00f3n de la base de datos del talento humano de la regi\u00f3n.<\/p>\n<p>El compromiso conjunto con el Sena est\u00e1 direccionado en varias l\u00edneas, en las que las dos entidades pueden trabajar. Especialmente, mirar\u00e1n hacia el empleo y la formalizaci\u00f3n<\/p>\n<p>\u201cMe siento satisfecho por la visita al Sena\u201d, dijo Luna Romero, y agreg\u00f3 que es fundamental conocer las iniciativas,\u00a0 porque muchos no conocen la potencialidad y el poder que tiene hacer alianzas.<\/p>\n<p>Entre los compromisos asumidos en la reuni\u00f3n ssobresalen:<\/p>\n<p>1.- Articulaci\u00f3n entre la C\u00e1mara y la Agencia P\u00fablica de Empleo (APE) para la organizaci\u00f3n de microrruedas<\/p>\n<p>2.- Reactivaci\u00f3n de la oficina sat\u00e9lite de la APE en la CCC.<\/p>\n<p>Las entidades ahondar\u00e1n en los esfuerzos para promover el emprendimiento y sumar esfuerzos para estructurar proyectos que beneficien a empleados y empresarios en formaci\u00f3n y ciencia y tecnolog\u00eda, con apoyo del Tecnoparque y la Tecnoacademia.<\/p>\n<p>Los directivos coincidieron en que la l\u00ednea de trabajo en la que deben hacerse m\u00e1s esfuerzos es la del empleo, de tal manera que con la articulaci\u00f3n el enfoque sea dirigido hac\u00eda la\u00a0 formalizaci\u00f3n del calzado y la manufactura, mediante procesos de\u00a0 formaci\u00f3n, capacitaci\u00f3n y formulaci\u00f3n de unidades de negocio.<\/p>\n<p><strong>Foto: PRENSA SENA<\/strong><\/p>\n<p>&nbsp;<\/p>\n<p>&nbsp; <\/p>\n","protected":false},"excerpt":{"rendered":"<p>C\u00daCUTA.- La falta de oportunidades laborales es uno de los principales problemas que afectan a C\u00facuta. Ante las \u00faltimas cifras que ubican a la ciudad con altos \u00edndices en l desocupaci\u00f3n, la C\u00e1mara de Comercio y el Sena se sentaron a la mesa para buscar salidas inmediatas. \u201cSon dos entidades que, juntas, pueden ofrecerle muchas &hellip;<\/p>\n","protected":false},"author":1,"featured_media":26962,"comment_status":"open","ping_status":"open","sticky":false,"template":"","format":"standard","meta":{"footnotes":""},"categories":[4,6],"tags":[375,1215,159],"class_list":["post-26961","post","type-post","status-publish","format-standard","has-post-thumbnail","hentry","category-barra","category-ojo-avizor","tag-camara-de-comercio-de-cucuta","tag-desempleo-en-cucuta","tag-sena"],"_links":{"self":[{"href":"https:\/\/contraluzcucuta.co\/index.php?rest_route=\/wp\/v2\/posts\/26961","targetHints":{"allow":["GET"]}}],"collection":[{"href":"https:\/\/contraluzcucuta.co\/index.php?rest_route=\/wp\/v2\/posts"}],"about":[{"href":"https:\/\/contraluzcucuta.co\/index.php?rest_route=\/wp\/v2\/types\/post"}],"author":[{"embeddable":true,"href":"https:\/\/contraluzcucuta.co\/index.php?rest_route=\/wp\/v2\/users\/1"}],"replies":[{"embeddable":true,"href":"https:\/\/contraluzcucuta.co\/index.php?rest_route=%2Fwp%2Fv2%2Fcomments&post=26961"}],"version-history":[{"count":1,"href":"https:\/\/contraluzcucuta.co\/index.php?rest_route=\/wp\/v2\/posts\/26961\/revisions"}],"predecessor-version":[{"id":26963,"href":"https:\/\/contraluzcucuta.co\/index.php?rest_route=\/wp\/v2\/posts\/26961\/revisions\/26963"}],"wp:featuredmedia":[{"embeddable":true,"href":"https:\/\/contraluzcucuta.co\/index.php?rest_route=\/wp\/v2\/media\/26962"}],"wp:attachment":[{"href":"https:\/\/contraluzcucuta.co\/index.php?rest_route=%2Fwp%2Fv2%2Fmedia&parent=26961"}],"wp:term":[{"taxonomy":"category","embeddable":true,"href":"https:\/\/contraluzcucuta.co\/index.php?rest_route=%2Fwp%2Fv2%2Fcategories&post=26961"},{"taxonomy":"post_tag","embeddable":true,"href":"https:\/\/contraluzcucuta.co\/index.php?rest_route=%2Fwp%2Fv2%2Ftags&post=26961"}],"curies":[{"name":"wp","href":"https:\/\/api.w.org\/{rel}","templated":true}]}}