{"id":26950,"date":"2016-05-17T21:36:59","date_gmt":"2016-05-18T02:36:59","guid":{"rendered":"http:\/\/contraluzcucuta.co\/?p=26950"},"modified":"2016-05-17T21:36:59","modified_gmt":"2016-05-18T02:36:59","slug":"moda-y-belleza-el-proposito-es-beneficiar-20-fundaciones-de-norte-de-santander","status":"publish","type":"post","link":"https:\/\/contraluzcucuta.co\/?p=26950","title":{"rendered":"\u2018MODA Y BELLEZA\u2019. El prop\u00f3sito es beneficiar a 20 fundaciones de Norte de Santander"},"content":{"rendered":"<p><strong>C\u00daCUTA.-<\/strong> La se\u00f1orita Colombia, Andrea Tovar Vel\u00e1squez, encabezar\u00e1 el desfile \u2018Moda y Belleza con un Prop\u00f3sito\u2019. La actividad reunir\u00e1 a gran parte de los dise\u00f1adores de la regi\u00f3n, este 20 de mayo, desde las 7:00 de la noche.<\/p>\n<p>El desfile es promovido por el despacho de la gestora social de Norte de Santander y contar\u00e1 con las presentaciones musicales de Karoll M\u00e1rquez y Juan Palau.<\/p>\n<p>Cecilia Soler explic\u00f3 que los recursos recaudados ser\u00e1n destinados para 20 fundaciones que decidieron vincularse a la actividad. Esto equivaldr\u00eda al 80 por ciento de los ingresos. Otro 10\u00a0 por ciento, ser\u00e1 entregado al Comit\u00e9 Departamental de Belleza para apoyar a la Se\u00f1orita Norte de Santander 2016-2017 y 10 por ciento para cubrir los gastos log\u00edsticos.<\/p>\n<p>\u201cTodav\u00eda hay la posibilidad que m\u00e1s nortesantandereanos se unan a esta noble labor, adquiriendo boletas con valores entre los $ 30.000, $ 50.000 y $ 100.000\u201d, indic\u00f3 Soler.<\/p>\n<p>En los d\u00edas posteriores al evento se llevar\u00e1 a cabo la rendici\u00f3n de cuentas para explicar en detalle lo que le corresponde a cada fundaci\u00f3n.<\/p>\n<p>\u201cNuestra idea es tener un evento con altura para que los \u00fanicos beneficiados sean los ni\u00f1os, ni\u00f1as, adolescentes, j\u00f3venes y adultos mayores que atienden las distintas fundaciones, porque ese es el prop\u00f3sito de Moda y Belleza\u201d, puntualiz\u00f3 Cecilia Soler.<\/p>\n<p><strong>Foto: www.youtube.com<\/strong> <\/p>\n","protected":false},"excerpt":{"rendered":"<p>C\u00daCUTA.- La se\u00f1orita Colombia, Andrea Tovar Vel\u00e1squez, encabezar\u00e1 el desfile \u2018Moda y Belleza con un Prop\u00f3sito\u2019. La actividad reunir\u00e1 a gran parte de los dise\u00f1adores de la regi\u00f3n, este 20 de mayo, desde las 7:00 de la noche. El desfile es promovido por el despacho de la gestora social de Norte de Santander y contar\u00e1 &hellip;<\/p>\n","protected":false},"author":1,"featured_media":26951,"comment_status":"open","ping_status":"open","sticky":false,"template":"","format":"standard","meta":{"footnotes":""},"categories":[4,2630],"tags":[379,2958],"class_list":["post-26950","post","type-post","status-publish","format-standard","has-post-thumbnail","hentry","category-barra","category-gobernacion","tag-gobernacion-de-norte-de-santander","tag-moda-y-belleza-con-un-proposito"],"_links":{"self":[{"href":"https:\/\/contraluzcucuta.co\/index.php?rest_route=\/wp\/v2\/posts\/26950","targetHints":{"allow":["GET"]}}],"collection":[{"href":"https:\/\/contraluzcucuta.co\/index.php?rest_route=\/wp\/v2\/posts"}],"about":[{"href":"https:\/\/contraluzcucuta.co\/index.php?rest_route=\/wp\/v2\/types\/post"}],"author":[{"embeddable":true,"href":"https:\/\/contraluzcucuta.co\/index.php?rest_route=\/wp\/v2\/users\/1"}],"replies":[{"embeddable":true,"href":"https:\/\/contraluzcucuta.co\/index.php?rest_route=%2Fwp%2Fv2%2Fcomments&post=26950"}],"version-history":[{"count":1,"href":"https:\/\/contraluzcucuta.co\/index.php?rest_route=\/wp\/v2\/posts\/26950\/revisions"}],"predecessor-version":[{"id":26952,"href":"https:\/\/contraluzcucuta.co\/index.php?rest_route=\/wp\/v2\/posts\/26950\/revisions\/26952"}],"wp:featuredmedia":[{"embeddable":true,"href":"https:\/\/contraluzcucuta.co\/index.php?rest_route=\/wp\/v2\/media\/26951"}],"wp:attachment":[{"href":"https:\/\/contraluzcucuta.co\/index.php?rest_route=%2Fwp%2Fv2%2Fmedia&parent=26950"}],"wp:term":[{"taxonomy":"category","embeddable":true,"href":"https:\/\/contraluzcucuta.co\/index.php?rest_route=%2Fwp%2Fv2%2Fcategories&post=26950"},{"taxonomy":"post_tag","embeddable":true,"href":"https:\/\/contraluzcucuta.co\/index.php?rest_route=%2Fwp%2Fv2%2Ftags&post=26950"}],"curies":[{"name":"wp","href":"https:\/\/api.w.org\/{rel}","templated":true}]}}