{"id":26927,"date":"2016-05-15T17:14:11","date_gmt":"2016-05-15T22:14:11","guid":{"rendered":"http:\/\/contraluzcucuta.co\/?p=26927"},"modified":"2016-05-15T17:14:11","modified_gmt":"2016-05-15T22:14:11","slug":"secretaria-de-posconflicto-cucuta-territorio-de-paz","status":"publish","type":"post","link":"https:\/\/contraluzcucuta.co\/?p=26927","title":{"rendered":"SECRETAR\u00cdA DE POSCONFLICTO. C\u00facuta territorio de paz"},"content":{"rendered":"<p><strong>C\u00daCUTA.-<\/strong> Tres programas estrat\u00e9gicos estar\u00e1n enmarcados en la pol\u00edtica p\u00fablica de v\u00edctimas del municipio en el Plan de Desarrollo 2016 &#8211; 2019. La explicaci\u00f3n la entreg\u00f3 la secretaria de v\u00edctimas Omaira Gonz\u00e1lez ante el Concejo de C\u00facuta.<\/p>\n<p>Los componentes ser\u00e1n:<\/p>\n<p>1.- M\u00e1s oportunidades para progresar. Proyectado a la implementaci\u00f3n de medidas dirigidas a los derechos de la poblaci\u00f3n v\u00edctima<\/p>\n<p>2.- Siembra Vida, Siembra Paz. Tiene como objetivo articular junto a organismos del Estado la prevenci\u00f3n de la violaci\u00f3n de derechos humanos<\/p>\n<p>3.- Posconflicto y Cultura de Paz. Ser\u00e1 la ejecuci\u00f3n del respeto por la vida y la resoluci\u00f3n pac\u00edfica de conflictos y apoyo a las acciones de reintegraci\u00f3n de desmovilizados.<\/p>\n<p>\u201cSe pretende ampliar la cobertura de ayuda humanitaria inmediata, atenci\u00f3n y asistencia, generaci\u00f3n de ingresos y reparaci\u00f3n integral duplicando el porcentaje de la anterior administraci\u00f3n. En cuanto al eje de estrategia de prevenci\u00f3n no se cumplieron acciones, por lo que se pretende en este cuatrienio una meta de por lo menos el 10 %\u201d, dijo Omaira Gonz\u00e1lez.<\/p>\n<p>El Concejo ofreci\u00f3 apoyo a la Secretar\u00eda de Posconflicto y Cultura de Paz, reconoci\u00f3 la iniciativa del alcalde C\u00e9sar Rojas al crear esta oficina que garantizar\u00e1 los derechos de las v\u00edctimas.<\/p>\n<p>\u201cLos programas que se\u00a0 plantearon son llamativos y completos\u201d, afirm\u00f3 el vicepresidente Bachir Mirep.<\/p>\n<p>La ciudad alberga el mayor n\u00famero de v\u00edctimas del conflicto armado de Norte de Santander, representado en el 50 por ciento del total de la poblaci\u00f3n vulnerable.<\/p>\n<p>El objetivo principal de la Secretar\u00eda ser\u00e1 fortalecer la construcci\u00f3n de \u00a0paz en el municipio, mediante la prevenci\u00f3n de la aparici\u00f3n de nuevos hechos violentos, la creaci\u00f3n de espacios de reflexi\u00f3n y el cuidado por el goce de los derechos de la poblaci\u00f3n v\u00edctima del conflicto.<\/p>\n<p>Adem\u00e1s, se dio a conocer la ruta unificada con el ministerio p\u00fablico para orientar las v\u00edctimas de desplazamiento del conflicto armado, en donde se brinda ayuda humanitaria inmediata, orientaci\u00f3n psicosocial y jur\u00eddica.<\/p>\n<p><strong>Foto: PRENSA ALCALD\u00cdA<\/strong><\/p>\n<p>&nbsp;<\/p>\n<p>&nbsp; <\/p>\n","protected":false},"excerpt":{"rendered":"<p>C\u00daCUTA.- Tres programas estrat\u00e9gicos estar\u00e1n enmarcados en la pol\u00edtica p\u00fablica de v\u00edctimas del municipio en el Plan de Desarrollo 2016 &#8211; 2019. La explicaci\u00f3n la entreg\u00f3 la secretaria de v\u00edctimas Omaira Gonz\u00e1lez ante el Concejo de C\u00facuta. Los componentes ser\u00e1n: 1.- M\u00e1s oportunidades para progresar. Proyectado a la implementaci\u00f3n de medidas dirigidas a los derechos &hellip;<\/p>\n","protected":false},"author":1,"featured_media":26928,"comment_status":"open","ping_status":"open","sticky":false,"template":"","format":"standard","meta":{"footnotes":""},"categories":[2625],"tags":[226,2955,2882],"class_list":["post-26927","post","type-post","status-publish","format-standard","has-post-thumbnail","hentry","category-alcaldia-de-cucuta","tag-alcaldia-de-cucuta","tag-omaira-gonzalez","tag-secretaria-del-posconflicto"],"_links":{"self":[{"href":"https:\/\/contraluzcucuta.co\/index.php?rest_route=\/wp\/v2\/posts\/26927","targetHints":{"allow":["GET"]}}],"collection":[{"href":"https:\/\/contraluzcucuta.co\/index.php?rest_route=\/wp\/v2\/posts"}],"about":[{"href":"https:\/\/contraluzcucuta.co\/index.php?rest_route=\/wp\/v2\/types\/post"}],"author":[{"embeddable":true,"href":"https:\/\/contraluzcucuta.co\/index.php?rest_route=\/wp\/v2\/users\/1"}],"replies":[{"embeddable":true,"href":"https:\/\/contraluzcucuta.co\/index.php?rest_route=%2Fwp%2Fv2%2Fcomments&post=26927"}],"version-history":[{"count":1,"href":"https:\/\/contraluzcucuta.co\/index.php?rest_route=\/wp\/v2\/posts\/26927\/revisions"}],"predecessor-version":[{"id":26929,"href":"https:\/\/contraluzcucuta.co\/index.php?rest_route=\/wp\/v2\/posts\/26927\/revisions\/26929"}],"wp:featuredmedia":[{"embeddable":true,"href":"https:\/\/contraluzcucuta.co\/index.php?rest_route=\/wp\/v2\/media\/26928"}],"wp:attachment":[{"href":"https:\/\/contraluzcucuta.co\/index.php?rest_route=%2Fwp%2Fv2%2Fmedia&parent=26927"}],"wp:term":[{"taxonomy":"category","embeddable":true,"href":"https:\/\/contraluzcucuta.co\/index.php?rest_route=%2Fwp%2Fv2%2Fcategories&post=26927"},{"taxonomy":"post_tag","embeddable":true,"href":"https:\/\/contraluzcucuta.co\/index.php?rest_route=%2Fwp%2Fv2%2Ftags&post=26927"}],"curies":[{"name":"wp","href":"https:\/\/api.w.org\/{rel}","templated":true}]}}