{"id":26924,"date":"2016-05-15T16:47:33","date_gmt":"2016-05-15T21:47:33","guid":{"rendered":"http:\/\/contraluzcucuta.co\/?p=26924"},"modified":"2016-05-15T16:47:33","modified_gmt":"2016-05-15T21:47:33","slug":"cumbre-de-alcaldes-ministro-asesorara-sobre-presentacion-de-proyectos","status":"publish","type":"post","link":"https:\/\/contraluzcucuta.co\/?p=26924","title":{"rendered":"CUMBRE DE ALCALDES. Ministro asesorar\u00e1 sobre presentaci\u00f3n de proyectos"},"content":{"rendered":"<p><strong>C\u00daCUTA.-<\/strong> El ministro\u00a0 de agricultura Aurelio Iragorri asesorar\u00e1 a los alcaldes de Norte de Santander sobre c\u00f3mo presentar proyectos rurales viables y prioritarios para la regi\u00f3n. La cita se cumplir\u00e1, el 31 de mayo y primero de junio, en la reuni\u00f3n de los gobernantes locales en C\u00facuta.<\/p>\n<p>En el encuentro regional se adelantar\u00e1n talleres de identificaci\u00f3n y priorizaci\u00f3n de proyectos de impacto social y se desarrollar\u00e1 la jornada de trabajo con el alto funcionario nacional.<\/p>\n<p>De manera simult\u00e1nea se concertar\u00e1 la pol\u00edtica de los Planes Departamentales de Agua Potable y Saneamiento B\u00e1sico, y las estrategias de orden fiscal, presupuestal, institucional, t\u00e9cnico y financiero de prestaci\u00f3n de los servicios p\u00fablicos.<\/p>\n<p>En materia de Nuevas Tecnolog\u00edas de la Informaci\u00f3n se analizar\u00e1 la conectividad en cada municipio y la responsabilidad para que cada alcalde involucre en el Plan de Desarrollo los recursos para alcanzar la meta de tener dos estudiantes por computador en cada instituci\u00f3n educativa.<\/p>\n<p>El gobernador William Villamizar invitar\u00e1 a los alcaldes para que hagan parte de la bolsa com\u00fan de recursos que permita garantizar la ejecuci\u00f3n de obras durante el a\u00f1o, adem\u00e1s de aumentar la cobertura del Programa de Alimentaci\u00f3n Escolar (PAE).<\/p>\n<p>El prop\u00f3sito de la cumbre ser\u00e1 informar y capacitar a las administraciones municipales sobre los lineamientos, las directrices y la articulaci\u00f3n de los Planes de Desarrollo 2016 \u2013 2019, para la coordinaci\u00f3n de funciones administrativas.<\/p>\n<p>Junto a esta reuni\u00f3n se cumplir\u00e1 el primer encuentro de gestoras sociales municipales para definir l\u00edneas de trabajo conjunto, a favor de los grupos sociales vulnerables, que suelen ser atendidos por las oficinas de Pol\u00edtica Social.<\/p>\n<p><strong>Foto: www.nortedesantander.gov.co<\/strong><\/p>\n<p>&nbsp; <\/p>\n","protected":false},"excerpt":{"rendered":"<p>C\u00daCUTA.- El ministro\u00a0 de agricultura Aurelio Iragorri asesorar\u00e1 a los alcaldes de Norte de Santander sobre c\u00f3mo presentar proyectos rurales viables y prioritarios para la regi\u00f3n. La cita se cumplir\u00e1, el 31 de mayo y primero de junio, en la reuni\u00f3n de los gobernantes locales en C\u00facuta. En el encuentro regional se adelantar\u00e1n talleres de &hellip;<\/p>\n","protected":false},"author":1,"featured_media":26925,"comment_status":"open","ping_status":"open","sticky":false,"template":"","format":"standard","meta":{"footnotes":""},"categories":[32],"tags":[2534,379],"class_list":["post-26924","post","type-post","status-publish","format-standard","has-post-thumbnail","hentry","category-recorrido-por-la-region","tag-alcaldes-de-norte-de-santander-2016-2019","tag-gobernacion-de-norte-de-santander"],"_links":{"self":[{"href":"https:\/\/contraluzcucuta.co\/index.php?rest_route=\/wp\/v2\/posts\/26924","targetHints":{"allow":["GET"]}}],"collection":[{"href":"https:\/\/contraluzcucuta.co\/index.php?rest_route=\/wp\/v2\/posts"}],"about":[{"href":"https:\/\/contraluzcucuta.co\/index.php?rest_route=\/wp\/v2\/types\/post"}],"author":[{"embeddable":true,"href":"https:\/\/contraluzcucuta.co\/index.php?rest_route=\/wp\/v2\/users\/1"}],"replies":[{"embeddable":true,"href":"https:\/\/contraluzcucuta.co\/index.php?rest_route=%2Fwp%2Fv2%2Fcomments&post=26924"}],"version-history":[{"count":1,"href":"https:\/\/contraluzcucuta.co\/index.php?rest_route=\/wp\/v2\/posts\/26924\/revisions"}],"predecessor-version":[{"id":26926,"href":"https:\/\/contraluzcucuta.co\/index.php?rest_route=\/wp\/v2\/posts\/26924\/revisions\/26926"}],"wp:featuredmedia":[{"embeddable":true,"href":"https:\/\/contraluzcucuta.co\/index.php?rest_route=\/wp\/v2\/media\/26925"}],"wp:attachment":[{"href":"https:\/\/contraluzcucuta.co\/index.php?rest_route=%2Fwp%2Fv2%2Fmedia&parent=26924"}],"wp:term":[{"taxonomy":"category","embeddable":true,"href":"https:\/\/contraluzcucuta.co\/index.php?rest_route=%2Fwp%2Fv2%2Fcategories&post=26924"},{"taxonomy":"post_tag","embeddable":true,"href":"https:\/\/contraluzcucuta.co\/index.php?rest_route=%2Fwp%2Fv2%2Ftags&post=26924"}],"curies":[{"name":"wp","href":"https:\/\/api.w.org\/{rel}","templated":true}]}}