{"id":26899,"date":"2016-05-15T09:44:28","date_gmt":"2016-05-15T14:44:28","guid":{"rendered":"http:\/\/contraluzcucuta.co\/?p=26899"},"modified":"2016-05-15T09:44:28","modified_gmt":"2016-05-15T14:44:28","slug":"secretaria-de-cultura-gabriel-galvis-donante-de-terrenos-en-san-pedro","status":"publish","type":"post","link":"https:\/\/contraluzcucuta.co\/?p=26899","title":{"rendered":"SECRETAR\u00cdA DE CULTURA. Gabriel Galvis, donante de terrenos en San Pedro"},"content":{"rendered":"<p><strong>C\u00daCUTA.-<\/strong> El artista pl\u00e1stico Trino Ortega Rol\u00f3n elabor\u00f3 el retrato de Gabriel Vicente Galvis, donante de los terrenos donde se construy\u00f3 la vereda El P\u00f3rtico, en C\u00facuta. La obra, develada delante de la comunidad, se tomar\u00e1 como muestra para levantar el busto que recordar\u00e1 al benefactor \u00a0en el corregimiento San Pedro.<\/p>\n<p>La obra es producto de la investigaci\u00f3n con los habitantes del corregimiento y la Academia de Historia. As\u00ed, determinaron los rasgos morfosicol\u00f3gicos de Galvis, de quien no se encontr\u00f3 registro fotogr\u00e1fico. En el trabajo de campo Ortega Rol\u00f3n ratific\u00f3 la donaci\u00f3n, encontr\u00f3 la partida de matrimonio y tuvo acceso a \u00a0las escrituras de las posesiones. Los documentos los confront\u00f3 con testimonios orales y visitas a raizares de la zona. La labor investigativa dio paso a la construcci\u00f3n de la primera imagen.<\/p>\n<p>Al sumar los conocimientos en relaci\u00f3n con costumbres y vestimentas de la \u00e9poca, se complement\u00f3 el primer retrato, con caracter\u00edsticas y rasgos de ind\u00edgena, combinados con los de espa\u00f1oles, para concluir que Gabriel Galvis luc\u00eda una elegante vestimenta.<\/p>\n<p>Se estima que vest\u00eda con saco de pa\u00f1o, por la condici\u00f3n de hacendado y alta posici\u00f3n econ\u00f3mica, y conservaba tradiciones campesinas. Usaba sombrero y machete, era de recio car\u00e1cter, humilde mirada y p\u00f3mulos pronunciados.<\/p>\n<p>Los hallazgos fueron presentados a la comunidad del corregimiento en un acto presidido por los secretarios de Cultura Departamental y Municipal, C\u00e9sar Ricardo Rojas y Jos\u00e9 del Carmen Ortiz. El retrato deber\u00e1 ser aprobado por los habitantes, para la construcci\u00f3n del busto conmemorativo.<\/p>\n<p>En cumplimiento al Acuerdo 058, del 29 de septiembre de 1993, la Gobernaci\u00f3n de Norte de Santander, por medio de la Secretar\u00eda de Cultura, y junto a la Secretar\u00eda de Cultura de C\u00facuta erigir\u00e1 el monumento para recordar a Gabriel Vicente Galvis, en reconocimiento de la generosidad.<\/p>\n<p>La comunidad tendr\u00e1 20 d\u00edas para suscribir el \u00a0acta en el que se apropia y se identifica con el busto de Galvis. El documento deber\u00e1 ser firmado por la mayor\u00eda para demostrar el benepl\u00e1cito con la obra.<\/p>\n<p>Tras aprobarse el boceto de la imagen de Gabriel Vicente Galvis, se proceder\u00e1 con el busto conmemorativo, que ser\u00e1 ubicado en El Malec\u00f3n de la vereda El P\u00f3rtico, sector la Vega, en cumplimiento del mandato del Concejo.<\/p>\n<p><strong>Foto: PRENSA GOBERNACI\u00d3N<\/strong><\/p>\n<p>&nbsp; <\/p>\n","protected":false},"excerpt":{"rendered":"<p>C\u00daCUTA.- El artista pl\u00e1stico Trino Ortega Rol\u00f3n elabor\u00f3 el retrato de Gabriel Vicente Galvis, donante de los terrenos donde se construy\u00f3 la vereda El P\u00f3rtico, en C\u00facuta. La obra, develada delante de la comunidad, se tomar\u00e1 como muestra para levantar el busto que recordar\u00e1 al benefactor \u00a0en el corregimiento San Pedro. La obra es producto &hellip;<\/p>\n","protected":false},"author":1,"featured_media":26901,"comment_status":"open","ping_status":"open","sticky":false,"template":"","format":"standard","meta":{"footnotes":""},"categories":[2630,37],"tags":[2891,529],"class_list":["post-26899","post","type-post","status-publish","format-standard","has-post-thumbnail","hentry","category-gobernacion","category-paseo-cultural","tag-secretaria-de-cultura-de-norte-de-santander","tag-secretaria-de-cultura-municipal"],"_links":{"self":[{"href":"https:\/\/contraluzcucuta.co\/index.php?rest_route=\/wp\/v2\/posts\/26899","targetHints":{"allow":["GET"]}}],"collection":[{"href":"https:\/\/contraluzcucuta.co\/index.php?rest_route=\/wp\/v2\/posts"}],"about":[{"href":"https:\/\/contraluzcucuta.co\/index.php?rest_route=\/wp\/v2\/types\/post"}],"author":[{"embeddable":true,"href":"https:\/\/contraluzcucuta.co\/index.php?rest_route=\/wp\/v2\/users\/1"}],"replies":[{"embeddable":true,"href":"https:\/\/contraluzcucuta.co\/index.php?rest_route=%2Fwp%2Fv2%2Fcomments&post=26899"}],"version-history":[{"count":1,"href":"https:\/\/contraluzcucuta.co\/index.php?rest_route=\/wp\/v2\/posts\/26899\/revisions"}],"predecessor-version":[{"id":26902,"href":"https:\/\/contraluzcucuta.co\/index.php?rest_route=\/wp\/v2\/posts\/26899\/revisions\/26902"}],"wp:featuredmedia":[{"embeddable":true,"href":"https:\/\/contraluzcucuta.co\/index.php?rest_route=\/wp\/v2\/media\/26901"}],"wp:attachment":[{"href":"https:\/\/contraluzcucuta.co\/index.php?rest_route=%2Fwp%2Fv2%2Fmedia&parent=26899"}],"wp:term":[{"taxonomy":"category","embeddable":true,"href":"https:\/\/contraluzcucuta.co\/index.php?rest_route=%2Fwp%2Fv2%2Fcategories&post=26899"},{"taxonomy":"post_tag","embeddable":true,"href":"https:\/\/contraluzcucuta.co\/index.php?rest_route=%2Fwp%2Fv2%2Ftags&post=26899"}],"curies":[{"name":"wp","href":"https:\/\/api.w.org\/{rel}","templated":true}]}}